{"id":133751,"date":"2019-11-09T09:01:12","date_gmt":"2019-11-09T12:01:12","guid":{"rendered":"http:\/\/www.caririemacao.com\/1\/?p=133751"},"modified":"2019-11-09T09:01:12","modified_gmt":"2019-11-09T12:01:12","slug":"justica-tardou-mas-chegou-diz-joao-azevedo-sobre-soltura-de-lula","status":"publish","type":"post","link":"https:\/\/www.caririemacao.com\/1\/2019\/11\/09\/justica-tardou-mas-chegou-diz-joao-azevedo-sobre-soltura-de-lula\/","title":{"rendered":"Justi\u00e7a tardou mas chegou&#8221;, diz Jo\u00e3o Azev\u00eado sobre soltura de Lula"},"content":{"rendered":"\n<p>O governador Jo\u00e3o Azev\u00eado publicou uma imagem&nbsp;<a href=\"https:\/\/twitter.com\/joaoazevedolins\/status\/1192941818477973504?s=08\">no Twitter<\/a>&nbsp;na noite desta sexta-feira (8), em resposta \u00e0 soltura do ex-presidente Luiz In\u00e1cio Lula da Silva.<\/p>\n\n\n\n<p>Na publica\u00e7\u00e3o, ele afirma que a justi\u00e7a &#8220;tardou mas chegou&#8221;.<\/p>\n\n\n\n<p>&#8220;Demorou quase 20 meses para que a justi\u00e7a fosse feita. Tardou mas chegou&#8221;, disse o governador Jo\u00e3o Azev\u00eado na publica\u00e7\u00e3o.&nbsp;<\/p>\n\n\n\n<figure class=\"wp-block-image\"><img decoding=\"async\" data-src=\"https:\/\/www.clickpb.com.br\/media\/filer_public\/20\/b2\/20b2e5f8-02a1-4f26-baad-a591df71945c\/screenshot_4.jpg\" alt=\"\" src=\"data:image\/svg+xml;base64,PHN2ZyB3aWR0aD0iMSIgaGVpZ2h0PSIxIiB4bWxucz0iaHR0cDovL3d3dy53My5vcmcvMjAwMC9zdmciPjwvc3ZnPg==\" class=\"lazyload\" \/><\/figure>\n","protected":false},"excerpt":{"rendered":"<p>O governador Jo\u00e3o Azev\u00eado publicou uma imagem&nbsp;no Twitter&nbsp;na noite desta sexta-feira (8), em resposta \u00e0 soltura do ex-presidente Luiz In\u00e1cio Lula da Silva. Na publica\u00e7\u00e3o,&hellip; <\/p>\n","protected":false},"author":1,"featured_media":133753,"comment_status":"closed","ping_status":"closed","sticky":false,"template":"","format":"standard","meta":{"sfsi_plus_gutenberg_text_before_share":"","sfsi_plus_gutenberg_show_text_before_share":"","sfsi_plus_gutenberg_icon_type":"","sfsi_plus_gutenberg_icon_alignemt":"","sfsi_plus_gutenburg_max_per_row":"","footnotes":""},"categories":[11],"tags":[],"class_list":["post-133751","post","type-post","status-publish","format-standard","has-post-thumbnail","hentry","category-politica"],"_links":{"self":[{"href":"https:\/\/www.caririemacao.com\/1\/wp-json\/wp\/v2\/posts\/133751","targetHints":{"allow":["GET"]}}],"collection":[{"href":"https:\/\/www.caririemacao.com\/1\/wp-json\/wp\/v2\/posts"}],"about":[{"href":"https:\/\/www.caririemacao.com\/1\/wp-json\/wp\/v2\/types\/post"}],"author":[{"embeddable":true,"href":"https:\/\/www.caririemacao.com\/1\/wp-json\/wp\/v2\/users\/1"}],"replies":[{"embeddable":true,"href":"https:\/\/www.caririemacao.com\/1\/wp-json\/wp\/v2\/comments?post=133751"}],"version-history":[{"count":1,"href":"https:\/\/www.caririemacao.com\/1\/wp-json\/wp\/v2\/posts\/133751\/revisions"}],"predecessor-version":[{"id":133754,"href":"https:\/\/www.caririemacao.com\/1\/wp-json\/wp\/v2\/posts\/133751\/revisions\/133754"}],"wp:featuredmedia":[{"embeddable":true,"href":"https:\/\/www.caririemacao.com\/1\/wp-json\/wp\/v2\/media\/133753"}],"wp:attachment":[{"href":"https:\/\/www.caririemacao.com\/1\/wp-json\/wp\/v2\/media?parent=133751"}],"wp:term":[{"taxonomy":"category","embeddable":true,"href":"https:\/\/www.caririemacao.com\/1\/wp-json\/wp\/v2\/categories?post=133751"},{"taxonomy":"post_tag","embeddable":true,"href":"https:\/\/www.caririemacao.com\/1\/wp-json\/wp\/v2\/tags?post=133751"}],"curies":[{"name":"wp","href":"https:\/\/api.w.org\/{rel}","templated":true}]}}