{"id":133775,"date":"2019-11-09T09:06:19","date_gmt":"2019-11-09T12:06:19","guid":{"rendered":"http:\/\/www.caririemacao.com\/1\/?p=133775"},"modified":"2019-11-09T09:06:19","modified_gmt":"2019-11-09T12:06:19","slug":"governante-serio-nao-fica-governando-com-base-em-fake-news-diz-lula","status":"publish","type":"post","link":"https:\/\/www.caririemacao.com\/1\/2019\/11\/09\/governante-serio-nao-fica-governando-com-base-em-fake-news-diz-lula\/","title":{"rendered":"Governante s\u00e9rio n\u00e3o fica governando com base em fake news&#8217;, diz Lula"},"content":{"rendered":"\n<p>&nbsp;O ex-presidente Luiz In\u00e1cio Lula da Silva postou em seu perfil no Twitter um v\u00eddeo em que agradece a vig\u00edlia de militantes que permaneceram em frente \u00e0 superintend\u00eancia da Pol\u00edcia Federal em Curitiba, onde o pol\u00edtico ficou preso por 580 dias at\u00e9 esta sexta-feira (8).<br><\/p>\n\n\n\n<p>No v\u00eddeo, gravado ap\u00f3s o discurso do ex-presidente a militantes, Lula mostra uma lanterna que usava para mostrar aos simpatizantes que os ouvia de sua cela.<\/p>\n\n\n\n<p>&#8220;Acabei de sair da Pol\u00edcia Federal depois de 580 dias. Passei na vig\u00edlia para agradecer cada companheiro e cada companheira [da vig\u00edlia em frente \u00e0 superintend\u00eancia da Pol\u00edcia Federal. (&#8230;) Eles significaram para mim essa luzinha que eu carrego aqui. Isso era eles dentro da minha cela. Cada vez que eles gritavam, eu acendia essa luzinha aqui para dizer que havia uma luz no fim da minha cela. Vou trabalhar o resto da minha vida para retribuir&#8221;, disse.<\/p>\n\n\n\n<p>&#8220;Saio com muita vontade de voltar a lutar. Eu n\u00e3o quero ficar falando mal de presidente, mal de ministro. Quero falar bem do povo brasileiro e falar das coisas que \u00e9 poss\u00edvel a gente construir neste pa\u00eds&#8221;, afirmou.<\/p>\n\n\n\n<p>Apesar disso, disse tamb\u00e9m que &#8220;Um governante s\u00e9rio n\u00e3o fica governando com base em fake news e na mentira&#8221;, em alus\u00e3o ao presidente Jair Bolsonaro (PSL).<\/p>\n","protected":false},"excerpt":{"rendered":"<p>&nbsp;O ex-presidente Luiz In\u00e1cio Lula da Silva postou em seu perfil no Twitter um v\u00eddeo em que agradece a vig\u00edlia de militantes que permaneceram em&hellip; <\/p>\n","protected":false},"author":1,"featured_media":133777,"comment_status":"closed","ping_status":"closed","sticky":false,"template":"","format":"standard","meta":{"sfsi_plus_gutenberg_text_before_share":"","sfsi_plus_gutenberg_show_text_before_share":"","sfsi_plus_gutenberg_icon_type":"","sfsi_plus_gutenberg_icon_alignemt":"","sfsi_plus_gutenburg_max_per_row":"","footnotes":""},"categories":[11],"tags":[],"class_list":["post-133775","post","type-post","status-publish","format-standard","has-post-thumbnail","hentry","category-politica"],"_links":{"self":[{"href":"https:\/\/www.caririemacao.com\/1\/wp-json\/wp\/v2\/posts\/133775","targetHints":{"allow":["GET"]}}],"collection":[{"href":"https:\/\/www.caririemacao.com\/1\/wp-json\/wp\/v2\/posts"}],"about":[{"href":"https:\/\/www.caririemacao.com\/1\/wp-json\/wp\/v2\/types\/post"}],"author":[{"embeddable":true,"href":"https:\/\/www.caririemacao.com\/1\/wp-json\/wp\/v2\/users\/1"}],"replies":[{"embeddable":true,"href":"https:\/\/www.caririemacao.com\/1\/wp-json\/wp\/v2\/comments?post=133775"}],"version-history":[{"count":1,"href":"https:\/\/www.caririemacao.com\/1\/wp-json\/wp\/v2\/posts\/133775\/revisions"}],"predecessor-version":[{"id":133778,"href":"https:\/\/www.caririemacao.com\/1\/wp-json\/wp\/v2\/posts\/133775\/revisions\/133778"}],"wp:featuredmedia":[{"embeddable":true,"href":"https:\/\/www.caririemacao.com\/1\/wp-json\/wp\/v2\/media\/133777"}],"wp:attachment":[{"href":"https:\/\/www.caririemacao.com\/1\/wp-json\/wp\/v2\/media?parent=133775"}],"wp:term":[{"taxonomy":"category","embeddable":true,"href":"https:\/\/www.caririemacao.com\/1\/wp-json\/wp\/v2\/categories?post=133775"},{"taxonomy":"post_tag","embeddable":true,"href":"https:\/\/www.caririemacao.com\/1\/wp-json\/wp\/v2\/tags?post=133775"}],"curies":[{"name":"wp","href":"https:\/\/api.w.org\/{rel}","templated":true}]}}