{"id":133782,"date":"2019-11-09T09:10:04","date_gmt":"2019-11-09T12:10:04","guid":{"rendered":"http:\/\/www.caririemacao.com\/1\/?p=133782"},"modified":"2019-11-09T09:10:04","modified_gmt":"2019-11-09T12:10:04","slug":"bolsonaro-fica-calado-e-nao-comenta-a-libertacao-do-ex-presidente-lula","status":"publish","type":"post","link":"https:\/\/www.caririemacao.com\/1\/2019\/11\/09\/bolsonaro-fica-calado-e-nao-comenta-a-libertacao-do-ex-presidente-lula\/","title":{"rendered":"Bolsonaro fica calado e n\u00e3o comenta a liberta\u00e7\u00e3o do ex-presidente Lula"},"content":{"rendered":"\n<p><a href=\"https:\/\/paraibaonline.com.br\/2019\/11\/ex-presidente-lula-no-ataque-bolsonaro-nao-e-um-governante\/\">A sa\u00edda da pris\u00e3o do ex-presidente Luiz In\u00e1cio Lula da Silva (PT)<\/a>&nbsp;dividiu opini\u00f5es no Pal\u00e1cio do Planalto e foi recebida com sil\u00eancio pelo presidente Jair Bolsonaro (PSL), que considera o petista seu principal advers\u00e1rio pol\u00edtico.<\/p>\n\n\n\n<p>Em Goi\u00e2nia, onde participava da entrega de \u00f4nibus escolares, o presidente n\u00e3o comentou o assunto, se ausentou de entrevista programada e evitou os ve\u00edculos de imprensa ap\u00f3s a expedi\u00e7\u00e3o da ordem de soltura.<\/p>\n\n\n\n<p>Em car\u00e1ter reservado, no entanto, disse a um grupo de auxiliares e aliados que a decis\u00e3o do STF (Supremo Tribunal Federal), que barrou a pris\u00e3o ap\u00f3s segunda inst\u00e2ncia e permitiu a soltura do petista, deve ser respeitada.<\/p>\n\n\n\n<p>Durante a cerim\u00f4nia na capital goiana, minutos depois da decis\u00e3o do juiz federal Danilo Pereira Junior, um assessor do Pal\u00e1cio do Planalto se dirigiu \u00e0 tribuna de honra e mostrou ao presidente a tela de seu celular.<\/p>\n\n\n\n<p>Bolsonaro ouviu em sil\u00eancio e, menos de um minuto depois, cochichou ao ouvido do ministro da Educa\u00e7\u00e3o, Abraham Weintraub, que estava sentado ao seu lado. Ap\u00f3s a conversa, olhou para a frente e baixou a cabe\u00e7a.<\/p>\n\n\n\n<p>Pr\u00f3ximo a discursar, o presidente falou sobre diversos assuntos, como a necessidade de n\u00e3o ter o que chamou de \u201cideologia pol\u00edtica ou&nbsp;de g\u00eanero\u201d no Enem (Exame Nacional do Ensino M\u00e9dio), mas n\u00e3o abordou a soltura de Lula.<\/p>\n\n\n\n<p>Na sequ\u00eancia, deixou o local sem comparecer a entrevista programada.<\/p>\n\n\n\n<p>A sa\u00edda do presidente surpreendeu at\u00e9 mesmo a sua equipe de comunica\u00e7\u00e3o. Minutos antes de Bolsonaro entrar no carro, dois assessores palacianos j\u00e1 tinham organizado o espa\u00e7o e anunciado que os jornalistas teriam direito a tr\u00eas perguntas.<\/p>\n\n\n\n<p>Ao serem informados de que Bolsonaro havia desistido, os rep\u00f3rteres sa\u00edram \u00e0s pressas do local, pegando mochilas e equipamentos. Um deles chegou a pular um balc\u00e3o para alcan\u00e7ar a comitiva presidencial.<\/p>\n\n\n\n<figure class=\"wp-block-image\"><img decoding=\"async\" data-src=\"https:\/\/paraibaonline.com.br\/wp-content\/uploads\/2019\/11\/bolsonaro-nova-567x355.jpg\" alt=\"Foto: Fabio Rodrigues Pozzebom\/Ag\u00eancia Brasil\" class=\"wp-image-818106 lazyload\" src=\"data:image\/svg+xml;base64,PHN2ZyB3aWR0aD0iMSIgaGVpZ2h0PSIxIiB4bWxucz0iaHR0cDovL3d3dy53My5vcmcvMjAwMC9zdmciPjwvc3ZnPg==\" style=\"--smush-placeholder-width: 567px; --smush-placeholder-aspect-ratio: 567\/355;\" \/><\/figure>\n\n\n\n<p>Foto: Fabio Rodrigues Pozzebom\/Ag\u00eancia Brasil<\/p>\n\n\n\n<p>O presidente viajou a Goi\u00e2nia para cerim\u00f4nia de entrega de 214 \u00f4nibus escolares do programa Caminho da Escola. Por coincid\u00eancia, a iniciativa federal foi lan\u00e7ada quando Lula estava \u00e0 frente do Pal\u00e1cio do Planalto, em 2007.<\/p>\n\n\n\n<p>Ap\u00f3s a solenidade, Bolsonaro compareceu \u00e0 inaugura\u00e7\u00e3o do escrit\u00f3rio pol\u00edtico regional do l\u00edder do governo na C\u00e2mara dos Deputados, Major Vitor Hugo (PSL-GO). A assessoria do parlamentar havia informado que estava programada uma entrevista.<\/p>\n\n\n\n<p>Segundo relatos feitos \u00e0 reportagem, no entanto, a pedido da seguran\u00e7a presidencial, a entrada da imprensa foi proibida e um forte esquema de seguran\u00e7a foi montado ao redor da casa.<\/p>\n\n\n\n<p>Na entrada, antes da chegada dos jornalistas, ele cumprimentou simpatizantes que o esperavam do lado de fora. Na sa\u00edda, em comportamento at\u00edpico, n\u00e3o se dirigiu aos moradores da regi\u00e3o, fazendo apenas um aceno de longe.<\/p>\n\n\n\n<p>Se a soltura de Lula teve como resultado o sil\u00eancio de Bolsonaro, no Pal\u00e1cio do Planalto as rea\u00e7\u00f5es se dividiram entre otimismo e pessimismo.<\/p>\n\n\n\n<p>Para integrantes do n\u00facleo ideol\u00f3gico, formado por seguidores do escritor Olavo de Carvalho, a soltura do petista retoma a polariza\u00e7\u00e3o da campanha eleitoral, entre direita e esquerda, o que pode fortalecer o apoio ao presidente contra uma volta do PT ao governo federal.<\/p>\n\n\n\n<p>A avalia\u00e7\u00e3o desse grupo governista \u00e9 a de que, no momento em que a rejei\u00e7\u00e3o de Bolsonaro apresenta um crescimento, como mostram as pesquisas de popularidade, o ressurgimento de um antagonista de peso pode ajudar a paralisar a alta entre eleitores de centro, em virtude do receio de uma eventual candidatura presidencial de Lula em 2022.<\/p>\n\n\n\n<p>O chamado n\u00facleo moderado, formado pela c\u00fapula militar e pela equipe econ\u00f4mica, no entanto, n\u00e3o \u00e9 t\u00e3o otimista.<\/p>\n\n\n\n<p>Para esse grupo, a volta de Lula ao cen\u00e1rio pol\u00edtico cria o risco de uma reorganiza\u00e7\u00e3o da oposi\u00e7\u00e3o, que at\u00e9 ent\u00e3o, na avalia\u00e7\u00e3o desses integrantes do governo, tem apresentado uma atua\u00e7\u00e3o t\u00edmida.<\/p>\n\n\n\n<p>O receio \u00e9 o de que esse novo cen\u00e1rio crie uma onda de manifesta\u00e7\u00f5es no pa\u00eds, que pode fragilizar a imagem do governo e estimular retalia\u00e7\u00f5es no Congresso Nacional, como a obstru\u00e7\u00e3o de vota\u00e7\u00f5es de interesse do Planalto.<\/p>\n\n\n\n<p>A decis\u00e3o da STF de barrar a pris\u00e3o em segunda inst\u00e2ncia surpreendeu o n\u00facleo mais pr\u00f3ximo de Bolsonaro, que n\u00e3o esperava que o ministro Dias Toffoli, presidente da corte, desempatasse a vota\u00e7\u00e3o contra a pris\u00e3o imediata.<\/p>\n\n\n\n<p>Nos \u00faltimos meses, Toffoli vinha dando sinais de que buscava uma aproxima\u00e7\u00e3o com Bolsonaro. Ele, inclusive, evitou comentar a declara\u00e7\u00e3o do filho do presidente, o deputado federal Eduardo Bolsonaro (PSL-SP), de que, se a esquerda radicalizasse no pa\u00eds, poderia ser editado um novo AI-5.<\/p>\n\n\n\n<p>Segundo relatos feitos \u00e0 reportagem, Bolsonaro dizia acreditar que Toffoli se posicionaria de modo diferente.<\/p>\n","protected":false},"excerpt":{"rendered":"<p>A sa\u00edda da pris\u00e3o do ex-presidente Luiz In\u00e1cio Lula da Silva (PT)&nbsp;dividiu opini\u00f5es no Pal\u00e1cio do Planalto e foi recebida com sil\u00eancio pelo presidente Jair&hellip; <\/p>\n","protected":false},"author":1,"featured_media":131966,"comment_status":"closed","ping_status":"closed","sticky":false,"template":"","format":"standard","meta":{"sfsi_plus_gutenberg_text_before_share":"","sfsi_plus_gutenberg_show_text_before_share":"","sfsi_plus_gutenberg_icon_type":"","sfsi_plus_gutenberg_icon_alignemt":"","sfsi_plus_gutenburg_max_per_row":"","footnotes":""},"categories":[11],"tags":[],"class_list":["post-133782","post","type-post","status-publish","format-standard","has-post-thumbnail","hentry","category-politica"],"_links":{"self":[{"href":"https:\/\/www.caririemacao.com\/1\/wp-json\/wp\/v2\/posts\/133782","targetHints":{"allow":["GET"]}}],"collection":[{"href":"https:\/\/www.caririemacao.com\/1\/wp-json\/wp\/v2\/posts"}],"about":[{"href":"https:\/\/www.caririemacao.com\/1\/wp-json\/wp\/v2\/types\/post"}],"author":[{"embeddable":true,"href":"https:\/\/www.caririemacao.com\/1\/wp-json\/wp\/v2\/users\/1"}],"replies":[{"embeddable":true,"href":"https:\/\/www.caririemacao.com\/1\/wp-json\/wp\/v2\/comments?post=133782"}],"version-history":[{"count":1,"href":"https:\/\/www.caririemacao.com\/1\/wp-json\/wp\/v2\/posts\/133782\/revisions"}],"predecessor-version":[{"id":133785,"href":"https:\/\/www.caririemacao.com\/1\/wp-json\/wp\/v2\/posts\/133782\/revisions\/133785"}],"wp:featuredmedia":[{"embeddable":true,"href":"https:\/\/www.caririemacao.com\/1\/wp-json\/wp\/v2\/media\/131966"}],"wp:attachment":[{"href":"https:\/\/www.caririemacao.com\/1\/wp-json\/wp\/v2\/media?parent=133782"}],"wp:term":[{"taxonomy":"category","embeddable":true,"href":"https:\/\/www.caririemacao.com\/1\/wp-json\/wp\/v2\/categories?post=133782"},{"taxonomy":"post_tag","embeddable":true,"href":"https:\/\/www.caririemacao.com\/1\/wp-json\/wp\/v2\/tags?post=133782"}],"curies":[{"name":"wp","href":"https:\/\/api.w.org\/{rel}","templated":true}]}}