{"id":133788,"date":"2019-11-09T10:16:39","date_gmt":"2019-11-09T13:16:39","guid":{"rendered":"http:\/\/www.caririemacao.com\/1\/?p=133788"},"modified":"2019-11-09T10:16:39","modified_gmt":"2019-11-09T13:16:39","slug":"tovar-se-posiciona-sobre-pec-e-afirma-que-ve-crime-na-extincao-de-municipios-que-funcionam","status":"publish","type":"post","link":"https:\/\/www.caririemacao.com\/1\/2019\/11\/09\/tovar-se-posiciona-sobre-pec-e-afirma-que-ve-crime-na-extincao-de-municipios-que-funcionam\/","title":{"rendered":"Tovar se posiciona sobre PEC e afirma que v\u00ea crime na extin\u00e7\u00e3o de munic\u00edpios que funcionam"},"content":{"rendered":"\n<p>O deputado estadual Tovar Correia Lima (PSDB) se posicionou a respeito da Proposta de Emenda \u00e0 Constitui\u00e7\u00e3o (PEC) do Pacto Federativo, apresentado pelo presidente Jair Bolsonaro (PSL). Entre outros pontos, a mat\u00e9ria sugere a extin\u00e7\u00e3o de munic\u00edpios com menos de 5.000 habitantes e arrecada\u00e7\u00e3o pr\u00f3pria menor que 10% da receita total sejam incorporados por vizinhos. A Paraiba perderia 68 munic\u00edpios.&nbsp;<\/p>\n\n\n\n<p>\u201cEste tema precisa ser melhor debatido. O Governo n\u00e3o pode simplesmente chegar e acabar com munic\u00edpios sem levar em conta indicadores sociais, aspectos hist\u00f3ricos e culturais e a qualidade dos servi\u00e7os p\u00fablicos prestados \u00e0 popula\u00e7\u00e3o. Ouro velho, Amparo e V\u00e1rzea, por exemplo, possuem \u00f3timos indicadores e n\u00e3o seria justo que fossem rebaixados a condi\u00e7\u00e3o de distrito\u201d, afirmou.&nbsp;<\/p>\n\n\n\n<p>O parlamentar defende que a PEC seja discutida de forma exaustiva; que os munic\u00edpios, onde indicadores sociais tenha evolu\u00eddo positivamente, sejam mantidos; e que seja feita uma avalia\u00e7\u00e3o se, na medida que estes munic\u00edpios foram transformados em distritos, a vida das pessoas ir\u00e3o melhorar ou piorar.<br><\/p>\n","protected":false},"excerpt":{"rendered":"<p>O deputado estadual Tovar Correia Lima (PSDB) se posicionou a respeito da Proposta de Emenda \u00e0 Constitui\u00e7\u00e3o (PEC) do Pacto Federativo, apresentado pelo presidente Jair&hellip; <\/p>\n","protected":false},"author":1,"featured_media":15679,"comment_status":"closed","ping_status":"closed","sticky":false,"template":"","format":"standard","meta":{"sfsi_plus_gutenberg_text_before_share":"","sfsi_plus_gutenberg_show_text_before_share":"","sfsi_plus_gutenberg_icon_type":"","sfsi_plus_gutenberg_icon_alignemt":"","sfsi_plus_gutenburg_max_per_row":"","footnotes":""},"categories":[11],"tags":[],"class_list":["post-133788","post","type-post","status-publish","format-standard","has-post-thumbnail","hentry","category-politica"],"_links":{"self":[{"href":"https:\/\/www.caririemacao.com\/1\/wp-json\/wp\/v2\/posts\/133788","targetHints":{"allow":["GET"]}}],"collection":[{"href":"https:\/\/www.caririemacao.com\/1\/wp-json\/wp\/v2\/posts"}],"about":[{"href":"https:\/\/www.caririemacao.com\/1\/wp-json\/wp\/v2\/types\/post"}],"author":[{"embeddable":true,"href":"https:\/\/www.caririemacao.com\/1\/wp-json\/wp\/v2\/users\/1"}],"replies":[{"embeddable":true,"href":"https:\/\/www.caririemacao.com\/1\/wp-json\/wp\/v2\/comments?post=133788"}],"version-history":[{"count":1,"href":"https:\/\/www.caririemacao.com\/1\/wp-json\/wp\/v2\/posts\/133788\/revisions"}],"predecessor-version":[{"id":133792,"href":"https:\/\/www.caririemacao.com\/1\/wp-json\/wp\/v2\/posts\/133788\/revisions\/133792"}],"wp:featuredmedia":[{"embeddable":true,"href":"https:\/\/www.caririemacao.com\/1\/wp-json\/wp\/v2\/media\/15679"}],"wp:attachment":[{"href":"https:\/\/www.caririemacao.com\/1\/wp-json\/wp\/v2\/media?parent=133788"}],"wp:term":[{"taxonomy":"category","embeddable":true,"href":"https:\/\/www.caririemacao.com\/1\/wp-json\/wp\/v2\/categories?post=133788"},{"taxonomy":"post_tag","embeddable":true,"href":"https:\/\/www.caririemacao.com\/1\/wp-json\/wp\/v2\/tags?post=133788"}],"curies":[{"name":"wp","href":"https:\/\/api.w.org\/{rel}","templated":true}]}}