{"id":133799,"date":"2019-11-09T10:24:29","date_gmt":"2019-11-09T13:24:29","guid":{"rendered":"http:\/\/www.caririemacao.com\/1\/?p=133799"},"modified":"2019-11-09T10:24:29","modified_gmt":"2019-11-09T13:24:29","slug":"governo-avalia-acabar-com-o-seguro-obrigatorio-de-veiculos","status":"publish","type":"post","link":"https:\/\/www.caririemacao.com\/1\/2019\/11\/09\/governo-avalia-acabar-com-o-seguro-obrigatorio-de-veiculos\/","title":{"rendered":"Governo avalia acabar com o seguro obrigat\u00f3rio de ve\u00edculos"},"content":{"rendered":"\n<p>O governo federal estuda a extin\u00e7\u00e3o do seguro obrigat\u00f3rio DPVAT, que indeniza v\u00edtimas de acidentes de tr\u00e2nsito, o que poderia valer j\u00e1 para o pr\u00f3ximo ano, segundo duas fontes da equipe econ\u00f4mica ouvidas pela ag\u00eancia de not\u00edcias&nbsp;Reuters.<\/p>\n\n\n\n<p>A Susep&nbsp;(Superintend\u00eancia de Seguros Privados), inclusive, j\u00e1 enviou uma proposta para o Minist\u00e9rio da Economia sobre o assunto.<\/p>\n\n\n\n<p>Segundo a Reuters apurou, o tema poder\u00e1 ser tratado via medida provis\u00f3ria (MP). Pela proposta, o DPVAT seria extinto a partir de 1\u00ba de janeiro de 2020.<\/p>\n\n\n\n<p>Em entrevista \u00e0 Reuters nesta sexta-feira, o ministro da Economia, Paulo Guedes, confirmou a investida, frisando que a ideia \u00e9 abolir o DPVAT j\u00e1 no ano que vem.<\/p>\n\n\n\n<p>Ele lembrou que o compromisso do governo Jair Bolsonaro \u00e9 \u201ctirar do cangote\u201d das pessoas e empresas o peso de alguns encargos.<\/p>\n\n\n\n<p>\u201c\u00c9 algo que o consumidor talvez aprove e tem que ver como vai ficar a ind\u00fastria que vive disso\u201d, disse.<\/p>\n\n\n\n<p>Para cobrir as indeniza\u00e7\u00f5es do seguro at\u00e9 2026 por acidentes ocorridos at\u00e9 o fim deste ano, a seguradora L\u00edder, respons\u00e1vel pelo pagamento do DPVAT, repassaria ao Tesouro R$ 1,25 bilh\u00e3o em cada um dos pr\u00f3ximos tr\u00eas anos, conforme proposta atualmente em estudo. Isso aconteceria por interm\u00e9dio da Susep.<\/p>\n\n\n\n<p>Hoje, o valor anual recolhido a t\u00edtulo de DPVAT dos donos de ve\u00edculos \u00e9 de cerca de R$ 2,3 bilh\u00f5es. Por lei, 45% desse montante deve ser repassado ao SUS (Sistema \u00danico de Sa\u00fade), com os 5% sendo direcionados ao Denatran.<\/p>\n\n\n\n<p>De acordo com n\u00fameros internos, a avalia\u00e7\u00e3o \u00e9 que, j\u00e1 estimadas as obriga\u00e7\u00f5es de repasse e as indeniza\u00e7\u00f5es a v\u00edtimas de acidentes at\u00e9 o fim de 2019, ainda restariam em torno de R$ 4,8 bilh\u00f5es livres para a seguradora L\u00edder.<\/p>\n\n\n\n<p>A L\u00edder \u00e9 um cons\u00f3rcio de 73 seguradoras que administra o DPVAT. Entre suas participantes, est\u00e3o empresas como AIG Seguros, Caixa Seguradora, Bradesco Seguros, Ita\u00fa Seguros, Mapfre, Porto Seguro, Omint, Tokio Marine e Zurich Santander.<\/p>\n\n\n\n<p>Mais cedo neste ano, a superintendente da Susep, Solange Paiva, j\u00e1 havia dito publicamente que o modelo do DPVAT estava sob revis\u00e3o, tamb\u00e9m criticando sua estrutura de monop\u00f3lio.<\/p>\n\n\n\n<p>Procurada nesta sexta-feira, a Susep informou \u00e0 Reuters que n\u00e3o comentaria o assunto.<\/p>\n","protected":false},"excerpt":{"rendered":"<p>O governo federal estuda a extin\u00e7\u00e3o do seguro obrigat\u00f3rio DPVAT, que indeniza v\u00edtimas de acidentes de tr\u00e2nsito, o que poderia valer j\u00e1 para o pr\u00f3ximo&hellip; <\/p>\n","protected":false},"author":1,"featured_media":133800,"comment_status":"closed","ping_status":"closed","sticky":false,"template":"","format":"standard","meta":{"sfsi_plus_gutenberg_text_before_share":"","sfsi_plus_gutenberg_show_text_before_share":"","sfsi_plus_gutenberg_icon_type":"","sfsi_plus_gutenberg_icon_alignemt":"","sfsi_plus_gutenburg_max_per_row":"","footnotes":""},"categories":[50,2],"tags":[],"class_list":["post-133799","post","type-post","status-publish","format-standard","has-post-thumbnail","hentry","category-destaque","category-geral"],"_links":{"self":[{"href":"https:\/\/www.caririemacao.com\/1\/wp-json\/wp\/v2\/posts\/133799","targetHints":{"allow":["GET"]}}],"collection":[{"href":"https:\/\/www.caririemacao.com\/1\/wp-json\/wp\/v2\/posts"}],"about":[{"href":"https:\/\/www.caririemacao.com\/1\/wp-json\/wp\/v2\/types\/post"}],"author":[{"embeddable":true,"href":"https:\/\/www.caririemacao.com\/1\/wp-json\/wp\/v2\/users\/1"}],"replies":[{"embeddable":true,"href":"https:\/\/www.caririemacao.com\/1\/wp-json\/wp\/v2\/comments?post=133799"}],"version-history":[{"count":1,"href":"https:\/\/www.caririemacao.com\/1\/wp-json\/wp\/v2\/posts\/133799\/revisions"}],"predecessor-version":[{"id":133801,"href":"https:\/\/www.caririemacao.com\/1\/wp-json\/wp\/v2\/posts\/133799\/revisions\/133801"}],"wp:featuredmedia":[{"embeddable":true,"href":"https:\/\/www.caririemacao.com\/1\/wp-json\/wp\/v2\/media\/133800"}],"wp:attachment":[{"href":"https:\/\/www.caririemacao.com\/1\/wp-json\/wp\/v2\/media?parent=133799"}],"wp:term":[{"taxonomy":"category","embeddable":true,"href":"https:\/\/www.caririemacao.com\/1\/wp-json\/wp\/v2\/categories?post=133799"},{"taxonomy":"post_tag","embeddable":true,"href":"https:\/\/www.caririemacao.com\/1\/wp-json\/wp\/v2\/tags?post=133799"}],"curies":[{"name":"wp","href":"https:\/\/api.w.org\/{rel}","templated":true}]}}