{"id":133821,"date":"2019-11-09T10:36:28","date_gmt":"2019-11-09T13:36:28","guid":{"rendered":"http:\/\/www.caririemacao.com\/1\/?p=133821"},"modified":"2019-11-09T10:36:28","modified_gmt":"2019-11-09T13:36:28","slug":"prefeitura-de-amparo-divulgou-a-programacao-de-acoes-do-novembro-azul","status":"publish","type":"post","link":"https:\/\/www.caririemacao.com\/1\/2019\/11\/09\/prefeitura-de-amparo-divulgou-a-programacao-de-acoes-do-novembro-azul\/","title":{"rendered":"Prefeitura de Amparo divulgou a programa\u00e7\u00e3o de a\u00e7\u00f5es do &#8220;Novembro Azul&#8221;"},"content":{"rendered":"\n<p>O Novembro Azul, movimento de conscientiza\u00e7\u00e3o voltado para os homens sobre a import\u00e2ncia da preven\u00e7\u00e3o e diagn\u00f3stico do c\u00e2ncer de pr\u00f3stata e outras doen\u00e7as masculinas, ter\u00e1 sua programa\u00e7\u00e3o na cidade de Amparo iniciada no pr\u00f3ximo dia 13 de Novembro, todo o atendimento ser\u00e1 voltado para melhorar a qualidade de vida dos Amparenses.<br><strong>Confira a programa\u00e7\u00e3o completa:<\/strong><br><em><strong>Quarta-feira (13) \u2013 A partir das 7h00min no Audit\u00f3rio da Secretaria de Sa\u00fade:<\/strong><\/em>Palestra para os Homens com Dr\u00ba Vladimir, Dr\u00aa Juliana e Dr\u00aa Sabrina.<br><strong><em>Quinta-feira (14) \u2013 das 8h00min \u00e0s 12h00min e das 14h00min \u00e0s 16h00min:<\/em><\/strong>Atendimento voltado para os homens, onde ser\u00e1 vista a necessidade de cada paciente, o PSA para faixa et\u00e1ria acima dos 40 anos e realiza\u00e7\u00e3o do teste r\u00e1pido com a enfermeira Roberta.<br><strong><em>Sexta-feira e S\u00e1bado (15 e 16) \u2013 a partir das 15h30min:<\/em><\/strong>Atividades F\u00edsicas em parceria com a Secretaria de Esporte, com participa\u00e7\u00e3o do Fisioterapeuta Dr\u00ba Fl\u00e1vio Henrique, com a faixa et\u00e1ria a partir dois 30 anos.<br>Esse movimento \u00e9 uma parceria da Prefeitura Municipal de Amparo com a Secretaria de Sa\u00fade.<\/p>\n\n\n\n<p>Amparo Ligado<\/p>\n","protected":false},"excerpt":{"rendered":"<p>O Novembro Azul, movimento de conscientiza\u00e7\u00e3o voltado para os homens sobre a import\u00e2ncia da preven\u00e7\u00e3o e diagn\u00f3stico do c\u00e2ncer de pr\u00f3stata e outras doen\u00e7as masculinas,&hellip; <\/p>\n","protected":false},"author":1,"featured_media":133823,"comment_status":"closed","ping_status":"closed","sticky":false,"template":"","format":"standard","meta":{"sfsi_plus_gutenberg_text_before_share":"","sfsi_plus_gutenberg_show_text_before_share":"","sfsi_plus_gutenberg_icon_type":"","sfsi_plus_gutenberg_icon_alignemt":"","sfsi_plus_gutenburg_max_per_row":"","footnotes":""},"categories":[6],"tags":[],"class_list":["post-133821","post","type-post","status-publish","format-standard","has-post-thumbnail","hentry","category-cidades"],"_links":{"self":[{"href":"https:\/\/www.caririemacao.com\/1\/wp-json\/wp\/v2\/posts\/133821","targetHints":{"allow":["GET"]}}],"collection":[{"href":"https:\/\/www.caririemacao.com\/1\/wp-json\/wp\/v2\/posts"}],"about":[{"href":"https:\/\/www.caririemacao.com\/1\/wp-json\/wp\/v2\/types\/post"}],"author":[{"embeddable":true,"href":"https:\/\/www.caririemacao.com\/1\/wp-json\/wp\/v2\/users\/1"}],"replies":[{"embeddable":true,"href":"https:\/\/www.caririemacao.com\/1\/wp-json\/wp\/v2\/comments?post=133821"}],"version-history":[{"count":1,"href":"https:\/\/www.caririemacao.com\/1\/wp-json\/wp\/v2\/posts\/133821\/revisions"}],"predecessor-version":[{"id":133824,"href":"https:\/\/www.caririemacao.com\/1\/wp-json\/wp\/v2\/posts\/133821\/revisions\/133824"}],"wp:featuredmedia":[{"embeddable":true,"href":"https:\/\/www.caririemacao.com\/1\/wp-json\/wp\/v2\/media\/133823"}],"wp:attachment":[{"href":"https:\/\/www.caririemacao.com\/1\/wp-json\/wp\/v2\/media?parent=133821"}],"wp:term":[{"taxonomy":"category","embeddable":true,"href":"https:\/\/www.caririemacao.com\/1\/wp-json\/wp\/v2\/categories?post=133821"},{"taxonomy":"post_tag","embeddable":true,"href":"https:\/\/www.caririemacao.com\/1\/wp-json\/wp\/v2\/tags?post=133821"}],"curies":[{"name":"wp","href":"https:\/\/api.w.org\/{rel}","templated":true}]}}