{"id":133831,"date":"2019-11-09T10:38:00","date_gmt":"2019-11-09T13:38:00","guid":{"rendered":"http:\/\/www.caririemacao.com\/1\/?p=133831"},"modified":"2019-11-09T10:38:00","modified_gmt":"2019-11-09T13:38:00","slug":"prefeitura-de-amparo-lanca-calendario-de-cadastramento-no-programa-conta-comigo-que-beneficiara-familias-de-baixa-renda","status":"publish","type":"post","link":"https:\/\/www.caririemacao.com\/1\/2019\/11\/09\/prefeitura-de-amparo-lanca-calendario-de-cadastramento-no-programa-conta-comigo-que-beneficiara-familias-de-baixa-renda\/","title":{"rendered":"Prefeitura de Amparo lan\u00e7a Calend\u00e1rio de Cadastramento no Programa Conta Comigo que beneficiar\u00e1 fam\u00edlias de Baixa renda"},"content":{"rendered":"\n<figure class=\"wp-block-image\"><a href=\"https:\/\/1.bp.blogspot.com\/-wsmo1gxp4Ho\/XcXS2gC-mVI\/AAAAAAABFZU\/ZGctLZJBAN0Ak_aZE4vK-bOQK-5AowlegCLcBGAsYHQ\/s1600\/ENERGISA-CONTAS.jpg\"><img decoding=\"async\" data-src=\"https:\/\/1.bp.blogspot.com\/-wsmo1gxp4Ho\/XcXS2gC-mVI\/AAAAAAABFZU\/ZGctLZJBAN0Ak_aZE4vK-bOQK-5AowlegCLcBGAsYHQ\/s640\/ENERGISA-CONTAS.jpg\" alt=\"\" src=\"data:image\/svg+xml;base64,PHN2ZyB3aWR0aD0iMSIgaGVpZ2h0PSIxIiB4bWxucz0iaHR0cDovL3d3dy53My5vcmcvMjAwMC9zdmciPjwvc3ZnPg==\" class=\"lazyload\" \/><\/a><\/figure>\n\n\n\n<p>A Secretaria de Assist\u00eancia Social de Amparo dar\u00e1 in\u00edcio na pr\u00f3xima segunda-feira (11) ao cronograma de Cadastramento das Fam\u00edlias no programa Conta Comigo, que ir\u00e1 reduzir a tarifa na conta de luz das fam\u00edlias que tiverem seus nomes aprovados, lembrando que a Prefeitura n\u00e3o influencia na escolha dos aprovados, quem faz essa sele\u00e7\u00e3o \u00e9 a pr\u00f3pria Energisa.<br>Vale destacar que esse projeto n\u00e3o se restringe somente ao os usu\u00e1rios do&nbsp;&nbsp;Bolsa Fam\u00edlia, mas sim a todos que quiserem e&nbsp;&nbsp;tiverem renda abaixo de meio salario m\u00ednimo.<br><strong>Os documentos necess\u00e1rios para fazer o cadastro s\u00e3o:<\/strong><br>Comprovante de Resid\u00eancia;Benefici\u00e1rios de BPC;RG;CPF;NIS.<br><strong>Confira a programa\u00e7\u00e3o:<\/strong><br><strong>Segunda-feira (11):<\/strong>S\u00edtios: Cai\u00e7ara, Pau D\u00b4arco, Nanico e Assentamento Mata.<br><strong>Ter\u00e7a-feira (12):<\/strong>S\u00edtios: Pelel\u00ea, Riacho do Cariri, Pau Leite e Cruz da Mo\u00e7a.<br><strong>Quarta-feira (13):<\/strong>S\u00edtios: Olho D\u2019\u00e1gua, Jatob\u00e1, Amaro e Ros\u00e1rio.<br><strong>Quinta-feira (14):<\/strong>S\u00edtios: Po\u00e7o Escuro, Po\u00e7o do Boi, Quixabas, Lagoa do Meio e Genu\u00edno.<br><strong>Segunda-feira (18):<\/strong>Sitio: Serrote Agudo, Salgadinho.<br><strong>Ter\u00e7a-feira (19):<\/strong>Sitio: Pedra da Bixa, Amparinho I e Amparinho II.<br><strong>Quarta-feira (20):<\/strong>Inicia o atendimento para as fam\u00edlias da Zona Urbana.<br>Fique atento \u00e0s datas para que n\u00e3o perca essa oportunidade de realizar seu cadastro.<\/p>\n\n\n\n<p>Amparo Ligado<\/p>\n","protected":false},"excerpt":{"rendered":"<p>A Secretaria de Assist\u00eancia Social de Amparo dar\u00e1 in\u00edcio na pr\u00f3xima segunda-feira (11) ao cronograma de Cadastramento das Fam\u00edlias no programa Conta Comigo, que ir\u00e1&hellip; <\/p>\n","protected":false},"author":1,"featured_media":97099,"comment_status":"closed","ping_status":"closed","sticky":false,"template":"","format":"standard","meta":{"sfsi_plus_gutenberg_text_before_share":"","sfsi_plus_gutenberg_show_text_before_share":"","sfsi_plus_gutenberg_icon_type":"","sfsi_plus_gutenberg_icon_alignemt":"","sfsi_plus_gutenburg_max_per_row":"","footnotes":""},"categories":[6],"tags":[],"class_list":["post-133831","post","type-post","status-publish","format-standard","has-post-thumbnail","hentry","category-cidades"],"_links":{"self":[{"href":"https:\/\/www.caririemacao.com\/1\/wp-json\/wp\/v2\/posts\/133831","targetHints":{"allow":["GET"]}}],"collection":[{"href":"https:\/\/www.caririemacao.com\/1\/wp-json\/wp\/v2\/posts"}],"about":[{"href":"https:\/\/www.caririemacao.com\/1\/wp-json\/wp\/v2\/types\/post"}],"author":[{"embeddable":true,"href":"https:\/\/www.caririemacao.com\/1\/wp-json\/wp\/v2\/users\/1"}],"replies":[{"embeddable":true,"href":"https:\/\/www.caririemacao.com\/1\/wp-json\/wp\/v2\/comments?post=133831"}],"version-history":[{"count":1,"href":"https:\/\/www.caririemacao.com\/1\/wp-json\/wp\/v2\/posts\/133831\/revisions"}],"predecessor-version":[{"id":133832,"href":"https:\/\/www.caririemacao.com\/1\/wp-json\/wp\/v2\/posts\/133831\/revisions\/133832"}],"wp:featuredmedia":[{"embeddable":true,"href":"https:\/\/www.caririemacao.com\/1\/wp-json\/wp\/v2\/media\/97099"}],"wp:attachment":[{"href":"https:\/\/www.caririemacao.com\/1\/wp-json\/wp\/v2\/media?parent=133831"}],"wp:term":[{"taxonomy":"category","embeddable":true,"href":"https:\/\/www.caririemacao.com\/1\/wp-json\/wp\/v2\/categories?post=133831"},{"taxonomy":"post_tag","embeddable":true,"href":"https:\/\/www.caririemacao.com\/1\/wp-json\/wp\/v2\/tags?post=133831"}],"curies":[{"name":"wp","href":"https:\/\/api.w.org\/{rel}","templated":true}]}}