{"id":133841,"date":"2019-11-09T10:58:59","date_gmt":"2019-11-09T13:58:59","guid":{"rendered":"http:\/\/www.caririemacao.com\/1\/?p=133841"},"modified":"2019-11-09T10:58:59","modified_gmt":"2019-11-09T13:58:59","slug":"parceria-da-prefeitura-de-amparo-procase-empaer-e-associacao-do-assentamento-mata-beneficia-produtores","status":"publish","type":"post","link":"https:\/\/www.caririemacao.com\/1\/2019\/11\/09\/parceria-da-prefeitura-de-amparo-procase-empaer-e-associacao-do-assentamento-mata-beneficia-produtores\/","title":{"rendered":"Parceria da Prefeitura de Amparo, Procase, Empaer e Associa\u00e7\u00e3o do Assentamento Mata beneficia Produtores"},"content":{"rendered":"\n<p>Atrav\u00e9s de uma parceria da Prefeitura de Amparo, junto ao Procase, Empaer e a Associa\u00e7\u00e3o do Assentamento Mata, os produtores daquela localidade estiveram recebendo diversos equipamentos para melhorar no cotidiano nas atividades rurais.<br><a href=\"https:\/\/1.bp.blogspot.com\/-i9MrdKDVQqQ\/XcXN6HgFe-I\/AAAAAAABFYg\/tNjyi_gtq-YlPSJRuvcr9rN89SdzvGwMwCLcBGAsYHQ\/s1600\/WhatsApp%2BImage%2B2019-11-08%2Bat%2B5.06.45%2BPM.jpeg\"><\/a><br>\u201cQuando a Empaer assumiu o projeto Procase no Assentamento Mata, constava al\u00e9m de outros itens, uma mini f\u00e1brica de ra\u00e7\u00e3o, o que n\u00e3o concordamos, uma vez que n\u00e3o t\u00ednhamos mat\u00e9ria prima para tal, ent\u00e3o reunimos os procaseanos e discutimos uma forma de utilizar esse recurso em equipamentos de maior utilidade, ent\u00e3o decidimos mudar o projeto e convencer o procase, o que n\u00e3o foi f\u00e1cil, e optamos pela compra de uma moto ensiladeira, duas prensas para feno e uma benefiadora de cereais(milho\/feij\u00e3o), acabamos de receber todo o material, a satisfa\u00e7\u00e3o de todos \u00e9 muito grande, tudo isso gra\u00e7as a parceria da Empaer, Procase, prefeitura de Amparo e principalmente a associa\u00e7\u00e3o do Assentamento atrav\u00e9s do seu presidente Ze Morais e seus associados\u201d&nbsp;&nbsp;afirmou o t\u00e9cnico da Empaer local, Edmilson Cabral de Vasconcelos.<br><\/p>\n\n\n\n<figure class=\"wp-block-image\"><a href=\"https:\/\/1.bp.blogspot.com\/-B1_nOWzzkUo\/XcXOJqNgW7I\/AAAAAAABFYo\/sc_U3uRJmEIrufy6EINi8bWCCfViW3ewACLcBGAsYHQ\/s1600\/WhatsApp%2BImage%2B2019-11-08%2Bat%2B5.06.44%2BPM%2B%25281%2529.jpeg\"><img decoding=\"async\" data-src=\"https:\/\/1.bp.blogspot.com\/-B1_nOWzzkUo\/XcXOJqNgW7I\/AAAAAAABFYo\/sc_U3uRJmEIrufy6EINi8bWCCfViW3ewACLcBGAsYHQ\/s640\/WhatsApp%2BImage%2B2019-11-08%2Bat%2B5.06.44%2BPM%2B%25281%2529.jpeg\" alt=\"\" src=\"data:image\/svg+xml;base64,PHN2ZyB3aWR0aD0iMSIgaGVpZ2h0PSIxIiB4bWxucz0iaHR0cDovL3d3dy53My5vcmcvMjAwMC9zdmciPjwvc3ZnPg==\" class=\"lazyload\" \/><\/a><\/figure>\n\n\n\n<figure class=\"wp-block-image\"><a href=\"https:\/\/1.bp.blogspot.com\/-KmYxsIFb2Qk\/XcXOJipBCKI\/AAAAAAABFYs\/rSmq_GSG8gg6a5kagmMNa0YAefxYlzJagCLcBGAsYHQ\/s1600\/WhatsApp%2BImage%2B2019-11-08%2Bat%2B5.06.44%2BPM%2B%25282%2529.jpeg\"><img decoding=\"async\" data-src=\"https:\/\/1.bp.blogspot.com\/-KmYxsIFb2Qk\/XcXOJipBCKI\/AAAAAAABFYs\/rSmq_GSG8gg6a5kagmMNa0YAefxYlzJagCLcBGAsYHQ\/s640\/WhatsApp%2BImage%2B2019-11-08%2Bat%2B5.06.44%2BPM%2B%25282%2529.jpeg\" alt=\"\" src=\"data:image\/svg+xml;base64,PHN2ZyB3aWR0aD0iMSIgaGVpZ2h0PSIxIiB4bWxucz0iaHR0cDovL3d3dy53My5vcmcvMjAwMC9zdmciPjwvc3ZnPg==\" class=\"lazyload\" \/><\/a><\/figure>\n","protected":false},"excerpt":{"rendered":"<p>Atrav\u00e9s de uma parceria da Prefeitura de Amparo, junto ao Procase, Empaer e a Associa\u00e7\u00e3o do Assentamento Mata, os produtores daquela localidade estiveram recebendo diversos&hellip; <\/p>\n","protected":false},"author":1,"featured_media":133842,"comment_status":"closed","ping_status":"closed","sticky":false,"template":"","format":"standard","meta":{"sfsi_plus_gutenberg_text_before_share":"","sfsi_plus_gutenberg_show_text_before_share":"","sfsi_plus_gutenberg_icon_type":"","sfsi_plus_gutenberg_icon_alignemt":"","sfsi_plus_gutenburg_max_per_row":"","footnotes":""},"categories":[2],"tags":[],"class_list":["post-133841","post","type-post","status-publish","format-standard","has-post-thumbnail","hentry","category-geral"],"_links":{"self":[{"href":"https:\/\/www.caririemacao.com\/1\/wp-json\/wp\/v2\/posts\/133841","targetHints":{"allow":["GET"]}}],"collection":[{"href":"https:\/\/www.caririemacao.com\/1\/wp-json\/wp\/v2\/posts"}],"about":[{"href":"https:\/\/www.caririemacao.com\/1\/wp-json\/wp\/v2\/types\/post"}],"author":[{"embeddable":true,"href":"https:\/\/www.caririemacao.com\/1\/wp-json\/wp\/v2\/users\/1"}],"replies":[{"embeddable":true,"href":"https:\/\/www.caririemacao.com\/1\/wp-json\/wp\/v2\/comments?post=133841"}],"version-history":[{"count":1,"href":"https:\/\/www.caririemacao.com\/1\/wp-json\/wp\/v2\/posts\/133841\/revisions"}],"predecessor-version":[{"id":133843,"href":"https:\/\/www.caririemacao.com\/1\/wp-json\/wp\/v2\/posts\/133841\/revisions\/133843"}],"wp:featuredmedia":[{"embeddable":true,"href":"https:\/\/www.caririemacao.com\/1\/wp-json\/wp\/v2\/media\/133842"}],"wp:attachment":[{"href":"https:\/\/www.caririemacao.com\/1\/wp-json\/wp\/v2\/media?parent=133841"}],"wp:term":[{"taxonomy":"category","embeddable":true,"href":"https:\/\/www.caririemacao.com\/1\/wp-json\/wp\/v2\/categories?post=133841"},{"taxonomy":"post_tag","embeddable":true,"href":"https:\/\/www.caririemacao.com\/1\/wp-json\/wp\/v2\/tags?post=133841"}],"curies":[{"name":"wp","href":"https:\/\/api.w.org\/{rel}","templated":true}]}}