{"id":133848,"date":"2019-11-09T11:02:06","date_gmt":"2019-11-09T14:02:06","guid":{"rendered":"http:\/\/www.caririemacao.com\/1\/?p=133848"},"modified":"2019-11-09T11:02:06","modified_gmt":"2019-11-09T14:02:06","slug":"moradores-tomam-susto-com-queda-de-aviao-em-puxinana","status":"publish","type":"post","link":"https:\/\/www.caririemacao.com\/1\/2019\/11\/09\/moradores-tomam-susto-com-queda-de-aviao-em-puxinana\/","title":{"rendered":"Moradores tomam susto com queda de avi\u00e3o em Puxinan\u00e3"},"content":{"rendered":"\n<p>Os moradores que residem pr\u00f3ximo a&nbsp;Serra do Maracaj\u00e1, na cidade de Puxinan\u00e3, no Agreste da Para\u00edba tomaram um susto na madrugada desta sexta-feira (8). \u00c9 que o condutor de um&nbsp;avi\u00e3o monomotor teve que fazer um pouso for\u00e7ado&nbsp;no local.&nbsp;Ainda n\u00e3o se sabe quantas pessoas haviam na aeronave e se ficaram feridas e at\u00e9 mesmo a causa do acidente.<\/p>\n\n\n\n<p>Segundo informa\u00e7\u00f5es preliminares, o&nbsp;voo pode ter sido do Aeroclube, que fica no distrito de S\u00e3o Jos\u00e9 da Mata, em Campina Grande, nas proximidades de Puxinan\u00e3.<\/p>\n\n\n\n<p>Neste s\u00e1bado (9), imagens circulam na internet do momento em que as pessoas v\u00e3o at\u00e9 aeronave.<\/p>\n\n\n\n<p>Na foto d\u00e1 para perceber que a aeronave&nbsp;deve ter levantado voo&nbsp;perto do local da queda, pois n\u00e3o se destruiu muito.<\/p>\n\n\n\n<p><em>Click PB<\/em><\/p>\n","protected":false},"excerpt":{"rendered":"<p>Os moradores que residem pr\u00f3ximo a&nbsp;Serra do Maracaj\u00e1, na cidade de Puxinan\u00e3, no Agreste da Para\u00edba tomaram um susto na madrugada desta sexta-feira (8). \u00c9&hellip; <\/p>\n","protected":false},"author":1,"featured_media":133850,"comment_status":"closed","ping_status":"closed","sticky":false,"template":"","format":"standard","meta":{"sfsi_plus_gutenberg_text_before_share":"","sfsi_plus_gutenberg_show_text_before_share":"","sfsi_plus_gutenberg_icon_type":"","sfsi_plus_gutenberg_icon_alignemt":"","sfsi_plus_gutenburg_max_per_row":"","footnotes":""},"categories":[2],"tags":[],"class_list":["post-133848","post","type-post","status-publish","format-standard","has-post-thumbnail","hentry","category-geral"],"_links":{"self":[{"href":"https:\/\/www.caririemacao.com\/1\/wp-json\/wp\/v2\/posts\/133848","targetHints":{"allow":["GET"]}}],"collection":[{"href":"https:\/\/www.caririemacao.com\/1\/wp-json\/wp\/v2\/posts"}],"about":[{"href":"https:\/\/www.caririemacao.com\/1\/wp-json\/wp\/v2\/types\/post"}],"author":[{"embeddable":true,"href":"https:\/\/www.caririemacao.com\/1\/wp-json\/wp\/v2\/users\/1"}],"replies":[{"embeddable":true,"href":"https:\/\/www.caririemacao.com\/1\/wp-json\/wp\/v2\/comments?post=133848"}],"version-history":[{"count":1,"href":"https:\/\/www.caririemacao.com\/1\/wp-json\/wp\/v2\/posts\/133848\/revisions"}],"predecessor-version":[{"id":133851,"href":"https:\/\/www.caririemacao.com\/1\/wp-json\/wp\/v2\/posts\/133848\/revisions\/133851"}],"wp:featuredmedia":[{"embeddable":true,"href":"https:\/\/www.caririemacao.com\/1\/wp-json\/wp\/v2\/media\/133850"}],"wp:attachment":[{"href":"https:\/\/www.caririemacao.com\/1\/wp-json\/wp\/v2\/media?parent=133848"}],"wp:term":[{"taxonomy":"category","embeddable":true,"href":"https:\/\/www.caririemacao.com\/1\/wp-json\/wp\/v2\/categories?post=133848"},{"taxonomy":"post_tag","embeddable":true,"href":"https:\/\/www.caririemacao.com\/1\/wp-json\/wp\/v2\/tags?post=133848"}],"curies":[{"name":"wp","href":"https:\/\/api.w.org\/{rel}","templated":true}]}}