{"id":133860,"date":"2019-11-09T12:41:59","date_gmt":"2019-11-09T15:41:59","guid":{"rendered":"http:\/\/www.caririemacao.com\/1\/?p=133860"},"modified":"2019-11-09T12:41:59","modified_gmt":"2019-11-09T15:41:59","slug":"primeira-agenda-de-lula-apos-liberdade-pode-ser-em-monteiro-na-transposicao","status":"publish","type":"post","link":"https:\/\/www.caririemacao.com\/1\/2019\/11\/09\/primeira-agenda-de-lula-apos-liberdade-pode-ser-em-monteiro-na-transposicao\/","title":{"rendered":"Primeira agenda de Lula ap\u00f3s liberdade pode ser em Monteiro, na transposi\u00e7\u00e3o"},"content":{"rendered":"\n<p>Ap\u00f3s receber liberdade nesta sexta-feira (08), o ex-presidente Luiz In\u00e1cio Lula da Silva, o Lula, poder\u00e1 cumprir sua primeira agenda fora da pris\u00e3o indo at\u00e9 a cidade de Monteiro, no Cariri paraibano, assim como fez em mar\u00e7o de 2017.<\/p>\n\n\n\n<p>Indo a Monteiro, dever\u00e1 cobrar a volta do bombeamento das \u00e1guas da transposi\u00e7\u00e3o do Rio S\u00e3o Francisco, que contemplam a Para\u00edba gra\u00e7as a uma obra que teve in\u00edcio em seu governo.<\/p>\n\n\n\n<p>A obra, que teve in\u00edcio no Governo Lula e conclus\u00e3o no de Michel Temer, com ajuda do senador C\u00e1ssio Cunha Lima e de v\u00e1rias outras lideran\u00e7as, est\u00e1 paralisada h\u00e1 v\u00e1rios meses e n\u00e3o se tem uma data concreta para o seu retorno, e sim apenas promessas do atual Governo Federal.<\/p>\n\n\n\n<p>Enquanto isso, os principais reservat\u00f3rios de \u00e1gua do Cariri paraibano est\u00e3o prestes a entrar em colapso. Problema semelhante quem est\u00e1 prestes a enfrentar \u00e9 a cidade de Campina Grande, j\u00e1 que o a\u00e7ude de Boqueir\u00e3o, que abastece a cidade, est\u00e1 prestes a secar.<\/p>\n\n\n\n<p>Popula\u00e7\u00e3o cobra<\/p>\n\n\n\n<p>O pior de tudo isso \u00e9 que os principais pol\u00edticos representantes da regi\u00e3o do Cariri n\u00e3o se pronunciam a respeito do assunto e silenciam mesmo com a cobran\u00e7a da popula\u00e7\u00e3o n\u00e3o s\u00f3 de Monteiro, mas de toda a regi\u00e3o.<\/p>\n\n\n\n<p>Com CARIRI LIGADO<\/p>\n","protected":false},"excerpt":{"rendered":"<p>Ap\u00f3s receber liberdade nesta sexta-feira (08), o ex-presidente Luiz In\u00e1cio Lula da Silva, o Lula, poder\u00e1 cumprir sua primeira agenda fora da pris\u00e3o indo at\u00e9&hellip; <\/p>\n","protected":false},"author":1,"featured_media":16326,"comment_status":"closed","ping_status":"closed","sticky":false,"template":"","format":"standard","meta":{"sfsi_plus_gutenberg_text_before_share":"","sfsi_plus_gutenberg_show_text_before_share":"","sfsi_plus_gutenberg_icon_type":"","sfsi_plus_gutenberg_icon_alignemt":"","sfsi_plus_gutenburg_max_per_row":"","footnotes":""},"categories":[50,2],"tags":[],"class_list":["post-133860","post","type-post","status-publish","format-standard","has-post-thumbnail","hentry","category-destaque","category-geral"],"_links":{"self":[{"href":"https:\/\/www.caririemacao.com\/1\/wp-json\/wp\/v2\/posts\/133860","targetHints":{"allow":["GET"]}}],"collection":[{"href":"https:\/\/www.caririemacao.com\/1\/wp-json\/wp\/v2\/posts"}],"about":[{"href":"https:\/\/www.caririemacao.com\/1\/wp-json\/wp\/v2\/types\/post"}],"author":[{"embeddable":true,"href":"https:\/\/www.caririemacao.com\/1\/wp-json\/wp\/v2\/users\/1"}],"replies":[{"embeddable":true,"href":"https:\/\/www.caririemacao.com\/1\/wp-json\/wp\/v2\/comments?post=133860"}],"version-history":[{"count":1,"href":"https:\/\/www.caririemacao.com\/1\/wp-json\/wp\/v2\/posts\/133860\/revisions"}],"predecessor-version":[{"id":133862,"href":"https:\/\/www.caririemacao.com\/1\/wp-json\/wp\/v2\/posts\/133860\/revisions\/133862"}],"wp:featuredmedia":[{"embeddable":true,"href":"https:\/\/www.caririemacao.com\/1\/wp-json\/wp\/v2\/media\/16326"}],"wp:attachment":[{"href":"https:\/\/www.caririemacao.com\/1\/wp-json\/wp\/v2\/media?parent=133860"}],"wp:term":[{"taxonomy":"category","embeddable":true,"href":"https:\/\/www.caririemacao.com\/1\/wp-json\/wp\/v2\/categories?post=133860"},{"taxonomy":"post_tag","embeddable":true,"href":"https:\/\/www.caririemacao.com\/1\/wp-json\/wp\/v2\/tags?post=133860"}],"curies":[{"name":"wp","href":"https:\/\/api.w.org\/{rel}","templated":true}]}}