{"id":133879,"date":"2019-11-09T12:55:37","date_gmt":"2019-11-09T15:55:37","guid":{"rendered":"http:\/\/www.caririemacao.com\/1\/?p=133879"},"modified":"2019-11-09T12:55:37","modified_gmt":"2019-11-09T15:55:37","slug":"recado-de-lula-estou-livre-para-libertar-o-brasil-desta-loucura","status":"publish","type":"post","link":"https:\/\/www.caririemacao.com\/1\/2019\/11\/09\/recado-de-lula-estou-livre-para-libertar-o-brasil-desta-loucura\/","title":{"rendered":"Recado de Lula: \u201cEstou livre para libertar o Brasil desta loucura\u201d"},"content":{"rendered":"\n<p>Cinco horas depois de deixar a cela na Superintend\u00eancia da Pol\u00edcia Federal, em Curitiba, o ex-<a href=\"https:\/\/paraibaonline.com.br\/2019\/11\/jair-bolsonaro-reage-e-chama-ex-presidente-lula-de-canalha\/\">presidente Luiz In\u00e1cio Lula da Silva (PT)<\/a>&nbsp;divulgou, na noite desta sexta-feira (8), uma mensagem nas redes sociais dizendo-se \u201clivre para ajudar a libertar o Brasil desta loucura que est\u00e1 acontecendo no nosso pa\u00eds\u201d.<\/p>\n\n\n\n<p>&nbsp;\u201c\u00c9 preciso cuidar da educa\u00e7\u00e3o, do emprego, do sal\u00e1rio, da cultura, cuidar do prazer e da alegria\u201d.<\/p>\n\n\n\n<p>Vestindo camiseta de malha, Lula se descreveu como \u201cum senhor muito jovem\u201d.<\/p>\n\n\n\n<p>\u201cTenho 74 anos do ponto de vista biol\u00f3gico. Mas 30 anos de energia e 20 de tes\u00e3o\u201d, brincou.<\/p>\n\n\n\n<p>Quatro horas antes, o petista j\u00e1 tinha divulgado uma mensagem na qual associou o presidente Jair Bolsonaro&nbsp;(PSL) a fake news e mentiras.<\/p>\n\n\n\n<p>\u201cDepois de eleger um presidente com base no fake news e na mentira, os dados do IBGE mostram que o brasileiro est\u00e1 mais desempregado e ganhando pior. Muito triste\u201d.<\/p>\n\n\n\n<p>Sentado, ao lado da namorada, no banco traseiro de um carro, Lula afirmou:&nbsp;\u201cSaio com muita vontade de voltar a lutar. N\u00e3o quero ficar falando mal de presidente ou de ministro\u201d.<\/p>\n\n\n\n<p>O ex-presidente disse que a gest\u00e3o petista mostrou ser poss\u00edvel construir um pa\u00eds melhor.<\/p>\n\n\n\n<p>\u201cUm governante s\u00e9rio n\u00e3o fica governando com base em fake news, com base em mentira\u201d.<\/p>\n\n\n\n<p>Mesmo dizendo-se triste, Lula comemorou o fato de ter encontrado um novo amor durante os 580 dias de pris\u00e3o.<\/p>\n\n\n\n<p>\u201cSaio animado. Vamos \u00e0 luta, at\u00e9 a vit\u00f3ria final\u201d, encerrou.<\/p>\n\n\n\n<figure class=\"wp-block-image\"><img decoding=\"async\" data-src=\"https:\/\/paraibaonline.com.br\/wp-content\/uploads\/2019\/11\/lula-livre-556x417.jpg\" alt=\"Foto: Ricardo Stuckert\" class=\"wp-image-818158 lazyload\" src=\"data:image\/svg+xml;base64,PHN2ZyB3aWR0aD0iMSIgaGVpZ2h0PSIxIiB4bWxucz0iaHR0cDovL3d3dy53My5vcmcvMjAwMC9zdmciPjwvc3ZnPg==\" style=\"--smush-placeholder-width: 556px; --smush-placeholder-aspect-ratio: 556\/417;\" \/><\/figure>\n\n\n\n<p>Foto: Ricardo Stuckert<\/p>\n\n\n\n<p>A soltura do&nbsp;ex-presidente ocorreu&nbsp;um dia&nbsp;ap\u00f3s o Supremo Tribunal Federal ter decidido, por&nbsp;6 votos a 5, que&nbsp;um condenado s\u00f3 pode ser preso ap\u00f3s o tr\u00e2nsito em julgado&nbsp;(o&nbsp;fim dos&nbsp;recursos), Isso&nbsp;alterou&nbsp;a jurisprud\u00eancia&nbsp;que, desde 2016,&nbsp;tem permitido a pris\u00e3o logo ap\u00f3s a condena\u00e7\u00e3o em segunda inst\u00e2ncia.<\/p>\n\n\n\n<p>A decis\u00e3o do Supremo, uma das mais esperadas dos \u00faltimos anos, tem potencial de beneficiar cerca de 5.000 presos, segundo o&nbsp;CNJ&nbsp;(Conselho Nacional de Justi\u00e7a).&nbsp;O Brasil tem, no total, aproximadamente 800 mil presos.<\/p>\n\n\n\n<p>A soltura de Lula foi determinada pelo&nbsp;juiz federal Danilo Pereira&nbsp;Junior. A decis\u00e3o foi&nbsp;publicada \u00e0s 16h15, e o petista deixou a sede da PF \u00e0s 17h40.<\/p>\n\n\n\n<p>Lula&nbsp;estava&nbsp;preso desde o dia 7 abril de 2018&nbsp;em&nbsp;uma&nbsp;cela&nbsp;especial da Superintend\u00eancia da Pol\u00edcia Federal, em Curitiba. O local mede 15 metros quadrados, tem banheiro e fica isolado no \u00faltimo andar do pr\u00e9dio. Ele n\u00e3o teve&nbsp;contato com outros presos, que vivem na carceragem, no primeiro andar.<\/p>\n\n\n\n<p>A pena de Lula foi definida pelo Superior Tribunal de Justi\u00e7a em 8 anos, 10 meses e 20 dias. O petista foi condenado sob a acusa\u00e7\u00e3o de aceitar a propriedade de um tr\u00edplex, em Guaruj\u00e1, como propina paga pela&nbsp;OAS&nbsp;em troca de tr\u00eas contratos com a Petrobras, o que ele sempre negou.<\/p>\n\n\n\n<p>O caso ainda tem recursos finais pendentes nessa inst\u00e2ncia antes de ser remetido para o STF.&nbsp;O Supremo, por\u00e9m, pode anular todo o processo sob argumento de que o juiz respons\u00e1vel pela condena\u00e7\u00e3o,&nbsp;Sergio&nbsp;Moro, n\u00e3o tinha a imparcialidade necess\u00e1ria para julgar o petista naquela situa\u00e7\u00e3o. Mas ainda n\u00e3o h\u00e1 data marcada para que esse pedido seja analisado.<\/p>\n\n\n\n<p>Al\u00e9m do caso tr\u00edplex, Lula foi&nbsp;condenado em primeira inst\u00e2ncia a 12 anos e 11 meses de pris\u00e3o&nbsp;por corrup\u00e7\u00e3o e lavagem no caso do s\u00edtio de Atibaia (SP). Essa condena\u00e7\u00e3o tamb\u00e9m pode ser anulada porque a defesa apresentou suas considera\u00e7\u00f5es finais no processo no mesmo prazo de r\u00e9us delatores.<\/p>\n\n\n\n<p>O ex-presidente ainda \u00e9 r\u00e9u em outros processos na Justi\u00e7a Federal em S\u00e3o Paulo, Curitiba e Bras\u00edlia. Com exce\u00e7\u00e3o de um dos casos, relativo \u00e0&nbsp;Odebrecht&nbsp;no Paran\u00e1, as demais a\u00e7\u00f5es n\u00e3o t\u00eam perspectiva de serem sentenciadas em breve.<\/p>\n","protected":false},"excerpt":{"rendered":"<p>Cinco horas depois de deixar a cela na Superintend\u00eancia da Pol\u00edcia Federal, em Curitiba, o ex-presidente Luiz In\u00e1cio Lula da Silva (PT)&nbsp;divulgou, na noite desta&hellip; <\/p>\n","protected":false},"author":1,"featured_media":133881,"comment_status":"closed","ping_status":"closed","sticky":false,"template":"","format":"standard","meta":{"sfsi_plus_gutenberg_text_before_share":"","sfsi_plus_gutenberg_show_text_before_share":"","sfsi_plus_gutenberg_icon_type":"","sfsi_plus_gutenberg_icon_alignemt":"","sfsi_plus_gutenburg_max_per_row":"","footnotes":""},"categories":[11],"tags":[],"class_list":["post-133879","post","type-post","status-publish","format-standard","has-post-thumbnail","hentry","category-politica"],"_links":{"self":[{"href":"https:\/\/www.caririemacao.com\/1\/wp-json\/wp\/v2\/posts\/133879","targetHints":{"allow":["GET"]}}],"collection":[{"href":"https:\/\/www.caririemacao.com\/1\/wp-json\/wp\/v2\/posts"}],"about":[{"href":"https:\/\/www.caririemacao.com\/1\/wp-json\/wp\/v2\/types\/post"}],"author":[{"embeddable":true,"href":"https:\/\/www.caririemacao.com\/1\/wp-json\/wp\/v2\/users\/1"}],"replies":[{"embeddable":true,"href":"https:\/\/www.caririemacao.com\/1\/wp-json\/wp\/v2\/comments?post=133879"}],"version-history":[{"count":1,"href":"https:\/\/www.caririemacao.com\/1\/wp-json\/wp\/v2\/posts\/133879\/revisions"}],"predecessor-version":[{"id":133882,"href":"https:\/\/www.caririemacao.com\/1\/wp-json\/wp\/v2\/posts\/133879\/revisions\/133882"}],"wp:featuredmedia":[{"embeddable":true,"href":"https:\/\/www.caririemacao.com\/1\/wp-json\/wp\/v2\/media\/133881"}],"wp:attachment":[{"href":"https:\/\/www.caririemacao.com\/1\/wp-json\/wp\/v2\/media?parent=133879"}],"wp:term":[{"taxonomy":"category","embeddable":true,"href":"https:\/\/www.caririemacao.com\/1\/wp-json\/wp\/v2\/categories?post=133879"},{"taxonomy":"post_tag","embeddable":true,"href":"https:\/\/www.caririemacao.com\/1\/wp-json\/wp\/v2\/tags?post=133879"}],"curies":[{"name":"wp","href":"https:\/\/api.w.org\/{rel}","templated":true}]}}