{"id":133903,"date":"2019-11-09T14:30:59","date_gmt":"2019-11-09T17:30:59","guid":{"rendered":"http:\/\/www.caririemacao.com\/1\/?p=133903"},"modified":"2019-11-09T14:30:59","modified_gmt":"2019-11-09T17:30:59","slug":"goleiro-santos-e-convocado-novamente-para-selecao-brasileira","status":"publish","type":"post","link":"https:\/\/www.caririemacao.com\/1\/2019\/11\/09\/goleiro-santos-e-convocado-novamente-para-selecao-brasileira\/","title":{"rendered":"Goleiro Santos \u00e9 convocado novamente para Sele\u00e7\u00e3o Brasileira"},"content":{"rendered":"\n<p>O t\u00e9cnico Tite convocou o goleiro Santos, do Athletico Paranaense, para os jogos preparat\u00f3rios dos dias 15 e 19 de novembro contra Argentina e Coreia do Sul. Ederson, do Manchester City, foi desconvocado ap\u00f3s confirma\u00e7\u00e3o de les\u00e3o.<\/p>\n\n\n\n<p>Em contato com o departamento m\u00e9dico do Manchester City, Rodrigo Lasmar, m\u00e9dico da Sele\u00e7\u00e3o Brasileira, recebeu os exames que confirmaram a les\u00e3o e a impossibilidade de recupera\u00e7\u00e3o de Ederson em tempo h\u00e1bil para a participa\u00e7\u00e3o do per\u00edodo de treinos e jogos preparat\u00f3rios.<\/p>\n","protected":false},"excerpt":{"rendered":"<p>O t\u00e9cnico Tite convocou o goleiro Santos, do Athletico Paranaense, para os jogos preparat\u00f3rios dos dias 15 e 19 de novembro contra Argentina e Coreia&hellip; <\/p>\n","protected":false},"author":1,"featured_media":133905,"comment_status":"closed","ping_status":"closed","sticky":false,"template":"","format":"standard","meta":{"sfsi_plus_gutenberg_text_before_share":"","sfsi_plus_gutenberg_show_text_before_share":"","sfsi_plus_gutenberg_icon_type":"","sfsi_plus_gutenberg_icon_alignemt":"","sfsi_plus_gutenburg_max_per_row":"","footnotes":""},"categories":[13],"tags":[],"class_list":["post-133903","post","type-post","status-publish","format-standard","has-post-thumbnail","hentry","category-esportes"],"_links":{"self":[{"href":"https:\/\/www.caririemacao.com\/1\/wp-json\/wp\/v2\/posts\/133903","targetHints":{"allow":["GET"]}}],"collection":[{"href":"https:\/\/www.caririemacao.com\/1\/wp-json\/wp\/v2\/posts"}],"about":[{"href":"https:\/\/www.caririemacao.com\/1\/wp-json\/wp\/v2\/types\/post"}],"author":[{"embeddable":true,"href":"https:\/\/www.caririemacao.com\/1\/wp-json\/wp\/v2\/users\/1"}],"replies":[{"embeddable":true,"href":"https:\/\/www.caririemacao.com\/1\/wp-json\/wp\/v2\/comments?post=133903"}],"version-history":[{"count":1,"href":"https:\/\/www.caririemacao.com\/1\/wp-json\/wp\/v2\/posts\/133903\/revisions"}],"predecessor-version":[{"id":133906,"href":"https:\/\/www.caririemacao.com\/1\/wp-json\/wp\/v2\/posts\/133903\/revisions\/133906"}],"wp:featuredmedia":[{"embeddable":true,"href":"https:\/\/www.caririemacao.com\/1\/wp-json\/wp\/v2\/media\/133905"}],"wp:attachment":[{"href":"https:\/\/www.caririemacao.com\/1\/wp-json\/wp\/v2\/media?parent=133903"}],"wp:term":[{"taxonomy":"category","embeddable":true,"href":"https:\/\/www.caririemacao.com\/1\/wp-json\/wp\/v2\/categories?post=133903"},{"taxonomy":"post_tag","embeddable":true,"href":"https:\/\/www.caririemacao.com\/1\/wp-json\/wp\/v2\/tags?post=133903"}],"curies":[{"name":"wp","href":"https:\/\/api.w.org\/{rel}","templated":true}]}}