{"id":133912,"date":"2019-11-09T16:39:29","date_gmt":"2019-11-09T19:39:29","guid":{"rendered":"http:\/\/www.caririemacao.com\/1\/?p=133912"},"modified":"2019-11-09T16:39:29","modified_gmt":"2019-11-09T19:39:29","slug":"policia-federal-deflagra-operacao-para-apurar-vazamento-na-prova-de-redacao-do-enem","status":"publish","type":"post","link":"https:\/\/www.caririemacao.com\/1\/2019\/11\/09\/policia-federal-deflagra-operacao-para-apurar-vazamento-na-prova-de-redacao-do-enem\/","title":{"rendered":"Pol\u00edcia Federal deflagra opera\u00e7\u00e3o para apurar vazamento na prova de Reda\u00e7\u00e3o do Enem"},"content":{"rendered":"\n<p>A Pol\u00edcia Federal deflagrou uma opera\u00e7\u00e3o neste s\u00e1bado para apurar vazamentos na prova do Enem aplicada no fim de semana passado. Duas aplicadoras de provas de Fortaleza s\u00e3o suspeitas de irregularidades no caso e foram alvos da opera\u00e7\u00e3o.<\/p>\n\n\n\n<p>Foram cumpridos dois mandados de busca e apreens\u00e3o, autorizados pela 12\u00aa Vara Federal de Fortaleza, nas resid\u00eancias dessas duas aplicadoras do Enem, que tiveram seus celulares apreendidos. Os nomes delas n\u00e3o foram divulgados.<\/p>\n\n\n\n<p>Segundo a PF, elas foram identificadas ap\u00f3s um trabalho de investiga\u00e7\u00e3o e coopera\u00e7\u00e3o feito em coopera\u00e7\u00e3o com o Inep, \u00f3rg\u00e3o do Minist\u00e9rio da Educa\u00e7\u00e3o respons\u00e1vel pelas provas. A PF ainda est\u00e1 investigando outros casos de poss\u00edveis vazamentos, no Rio e na Bahia.&nbsp;<\/p>\n\n\n\n<p>A foto de uma p\u00e1gina da prova, com a proposta da reda\u00e7\u00e3o, circulou pela internet no fim de semana passado, durante a aplica\u00e7\u00e3o do exame. O ministro da Educa\u00e7\u00e3o Abraham Weintraub afirmou na ocasi\u00e3o que um aplicador da prova teria sido respons\u00e1vel pelo vazamento.&nbsp;<\/p>\n\n\n\n<p>Segundo a PF, as duas suspeitas podem ser indicadas pelo crime de fraude em certames de interesse p\u00fablico, previsto no C\u00f3digo Penal, e que pode ter pena superior a cinco anos de pris\u00e3o devido \u00e0 gravidade do caso.&nbsp;<\/p>\n\n\n\n<p>A opera\u00e7\u00e3o deflagrada neste s\u00e1bado foi batizada de Thoth, uma refer\u00eancia ao deus eg\u00edpcio da escrita e da sabedoria.<\/p>\n","protected":false},"excerpt":{"rendered":"<p>A Pol\u00edcia Federal deflagrou uma opera\u00e7\u00e3o neste s\u00e1bado para apurar vazamentos na prova do Enem aplicada no fim de semana passado. Duas aplicadoras de provas&hellip; <\/p>\n","protected":false},"author":1,"featured_media":106034,"comment_status":"closed","ping_status":"closed","sticky":false,"template":"","format":"standard","meta":{"sfsi_plus_gutenberg_text_before_share":"","sfsi_plus_gutenberg_show_text_before_share":"","sfsi_plus_gutenberg_icon_type":"","sfsi_plus_gutenberg_icon_alignemt":"","sfsi_plus_gutenburg_max_per_row":"","footnotes":""},"categories":[2],"tags":[],"class_list":["post-133912","post","type-post","status-publish","format-standard","has-post-thumbnail","hentry","category-geral"],"_links":{"self":[{"href":"https:\/\/www.caririemacao.com\/1\/wp-json\/wp\/v2\/posts\/133912","targetHints":{"allow":["GET"]}}],"collection":[{"href":"https:\/\/www.caririemacao.com\/1\/wp-json\/wp\/v2\/posts"}],"about":[{"href":"https:\/\/www.caririemacao.com\/1\/wp-json\/wp\/v2\/types\/post"}],"author":[{"embeddable":true,"href":"https:\/\/www.caririemacao.com\/1\/wp-json\/wp\/v2\/users\/1"}],"replies":[{"embeddable":true,"href":"https:\/\/www.caririemacao.com\/1\/wp-json\/wp\/v2\/comments?post=133912"}],"version-history":[{"count":1,"href":"https:\/\/www.caririemacao.com\/1\/wp-json\/wp\/v2\/posts\/133912\/revisions"}],"predecessor-version":[{"id":133913,"href":"https:\/\/www.caririemacao.com\/1\/wp-json\/wp\/v2\/posts\/133912\/revisions\/133913"}],"wp:featuredmedia":[{"embeddable":true,"href":"https:\/\/www.caririemacao.com\/1\/wp-json\/wp\/v2\/media\/106034"}],"wp:attachment":[{"href":"https:\/\/www.caririemacao.com\/1\/wp-json\/wp\/v2\/media?parent=133912"}],"wp:term":[{"taxonomy":"category","embeddable":true,"href":"https:\/\/www.caririemacao.com\/1\/wp-json\/wp\/v2\/categories?post=133912"},{"taxonomy":"post_tag","embeddable":true,"href":"https:\/\/www.caririemacao.com\/1\/wp-json\/wp\/v2\/tags?post=133912"}],"curies":[{"name":"wp","href":"https:\/\/api.w.org\/{rel}","templated":true}]}}