{"id":133930,"date":"2019-11-09T16:46:56","date_gmt":"2019-11-09T19:46:56","guid":{"rendered":"http:\/\/www.caririemacao.com\/1\/?p=133930"},"modified":"2019-11-09T16:46:56","modified_gmt":"2019-11-09T19:46:56","slug":"foguetes-de-garrafa-pet-estimulam-interesse-de-estudantes-na-ciencia","status":"publish","type":"post","link":"https:\/\/www.caririemacao.com\/1\/2019\/11\/09\/foguetes-de-garrafa-pet-estimulam-interesse-de-estudantes-na-ciencia\/","title":{"rendered":"Foguetes de garrafa pet estimulam interesse de estudantes na ci\u00eancia"},"content":{"rendered":"\n<p>Estudantes das cinco regi\u00f5es brasileiras participam neste fim de semana da Jornada de Foguetes, uma competi\u00e7\u00e3o educativa em que equipes dos ensinos fundamental e m\u00e9dio projetam r\u00e9plicas feitas com garrafas pet. Movidos a vinagre ou \u00e1gua, as aeronaves s\u00e3o capazes de al\u00e7ar voos de mais de 100 metros de dist\u00e2ncia.<\/p>\n\n\n\n<p>A pista de decolagens fica no Hotel Fazenda Ribeir\u00e3o, em Barra do Pira\u00ed (RJ). Al\u00e9m das atividades, os estudantes tamb\u00e9m aprendem com engenheiros da Ag\u00eancia Espacial Brasileira. Na noite de hoje (9), o ministro da Ci\u00eancia, Tecnologia, Inova\u00e7\u00f5es e Comunica\u00e7\u00f5es, Marcos Pontes, far\u00e1 uma das palestras previstas. Pontes j\u00e1 havia participado do evento antes de assumir o minist\u00e9rio, como astronauta e primeiro brasileiro a ir ao espa\u00e7o.<\/p>\n\n\n\n<p>A jornada faz parte da 13\u00aa Mostra Brasileira de Foguetes e tamb\u00e9m \u00e9 organizada pela Olimp\u00edada Brasileira de Astronomia e Astron\u00e1utica. A coordenadora da mostra, P\u00e2mela Coelho, conta que esta \u00e9 a primeira edi\u00e7\u00e3o em que alunos do sexto ao nono ano do ensino fundamental participam da competi\u00e7\u00e3o.<\/p>\n\n\n\n<p>&#8220;A ideia \u00e9 envolv\u00ea-los em um problema sem solu\u00e7\u00e3o pr\u00e9-definida e que depende de experimenta\u00e7\u00e3o. A f\u00edsica costuma ser ensinada atrav\u00e9s da teoria e n\u00e3o da experimenta\u00e7\u00e3o e investiga\u00e7\u00e3o&#8221;, diz ela, que critica: &#8220;A gente considera que \u00e9 um erro os jovens conhecerem a ci\u00eancia s\u00f3 na teoria e n\u00e3o na pr\u00e1tica&#8221;.<\/p>\n\n\n\n<p>O grupo que participa na competi\u00e7\u00e3o neste fim de semana \u00e9 o quinto a lan\u00e7ar foguetes no hotel fazenda este ano. Com um n\u00famero crescente de participantes a cada edi\u00e7\u00e3o, os organizadores precisaram dividir os selecionados em oito per\u00edodos, que come\u00e7aram em outubro e se estendem at\u00e9 dezembro. &#8220;No ano que vem, ser\u00e3o dez&#8221;, conta P\u00e2mela.<\/p>\n\n\n\n<p>Os mais de 1,3 mil estudantes que participam do evento foram selecionados entre milhares que participaram das atividades da mostra em 1,2 mil escolas do pa\u00eds. Para ser selecionado, \u00e9 preciso projetar um foguete capaz de voar mais de 100 metros de dist\u00e2ncia.<\/p>\n\n\n\n<p>Ao chegar \u00e0 jornada, os jovens devem repetir o feito e s\u00e3o premiados de acordo com a dist\u00e2ncia que conseguem atingir. O foguete dos alunos do ensino m\u00e9dio recordistas da competi\u00e7\u00e3o atravessou uma dist\u00e2ncia de 363 metros, mas todos os que superam os 150 metros saem com o trof\u00e9u de campe\u00f5es.<\/p>\n\n\n\n<p>O desafio, no caso dos alunos do ensino m\u00e9dio, \u00e9 fazer um foguete movido a vinagre e bicarbonato de s\u00f3dio. A aeronave deve manter uma trajet\u00f3ria equilibrada e ter um gatilho preciso para que os combust\u00edveis n\u00e3o entrem em contato antes do voo, j\u00e1 que \u00e9 uma rea\u00e7\u00e3o qu\u00edmica entre as duas subst\u00e2ncias que coloca o ve\u00edculo em movimento.<\/p>\n\n\n\n<p>&#8220;A gente n\u00e3o d\u00e1 a f\u00f3rmula para eles. Eles \u00e9 que precisam investigar, testar e tudo mais&#8221;.<\/p>\n\n\n\n<p>No caso dos alunos do ensino fundamental, o foguete \u00e9 movido a \u00e1gua e ar comprimido. Al\u00e9m de uma propuls\u00e3o forte o suficiente, os estudantes precisam calcular uma trajet\u00f3ria perfeita, de modo que a for\u00e7a do lan\u00e7amento n\u00e3o seja desperdi\u00e7ada ao longo do voo.<\/p>\n","protected":false},"excerpt":{"rendered":"<p>Estudantes das cinco regi\u00f5es brasileiras participam neste fim de semana da Jornada de Foguetes, uma competi\u00e7\u00e3o educativa em que equipes dos ensinos fundamental e m\u00e9dio&hellip; <\/p>\n","protected":false},"author":1,"featured_media":132004,"comment_status":"closed","ping_status":"closed","sticky":false,"template":"","format":"standard","meta":{"sfsi_plus_gutenberg_text_before_share":"","sfsi_plus_gutenberg_show_text_before_share":"","sfsi_plus_gutenberg_icon_type":"","sfsi_plus_gutenberg_icon_alignemt":"","sfsi_plus_gutenburg_max_per_row":"","footnotes":""},"categories":[2],"tags":[],"class_list":["post-133930","post","type-post","status-publish","format-standard","has-post-thumbnail","hentry","category-geral"],"_links":{"self":[{"href":"https:\/\/www.caririemacao.com\/1\/wp-json\/wp\/v2\/posts\/133930","targetHints":{"allow":["GET"]}}],"collection":[{"href":"https:\/\/www.caririemacao.com\/1\/wp-json\/wp\/v2\/posts"}],"about":[{"href":"https:\/\/www.caririemacao.com\/1\/wp-json\/wp\/v2\/types\/post"}],"author":[{"embeddable":true,"href":"https:\/\/www.caririemacao.com\/1\/wp-json\/wp\/v2\/users\/1"}],"replies":[{"embeddable":true,"href":"https:\/\/www.caririemacao.com\/1\/wp-json\/wp\/v2\/comments?post=133930"}],"version-history":[{"count":1,"href":"https:\/\/www.caririemacao.com\/1\/wp-json\/wp\/v2\/posts\/133930\/revisions"}],"predecessor-version":[{"id":133932,"href":"https:\/\/www.caririemacao.com\/1\/wp-json\/wp\/v2\/posts\/133930\/revisions\/133932"}],"wp:featuredmedia":[{"embeddable":true,"href":"https:\/\/www.caririemacao.com\/1\/wp-json\/wp\/v2\/media\/132004"}],"wp:attachment":[{"href":"https:\/\/www.caririemacao.com\/1\/wp-json\/wp\/v2\/media?parent=133930"}],"wp:term":[{"taxonomy":"category","embeddable":true,"href":"https:\/\/www.caririemacao.com\/1\/wp-json\/wp\/v2\/categories?post=133930"},{"taxonomy":"post_tag","embeddable":true,"href":"https:\/\/www.caririemacao.com\/1\/wp-json\/wp\/v2\/tags?post=133930"}],"curies":[{"name":"wp","href":"https:\/\/api.w.org\/{rel}","templated":true}]}}