{"id":133943,"date":"2019-11-10T01:07:44","date_gmt":"2019-11-10T04:07:44","guid":{"rendered":"http:\/\/www.caririemacao.com\/1\/?p=133943"},"modified":"2019-11-10T01:07:44","modified_gmt":"2019-11-10T04:07:44","slug":"camara-de-ouro-velho-aprova-a-realizacao-da-semana-do-bebe","status":"publish","type":"post","link":"https:\/\/www.caririemacao.com\/1\/2019\/11\/10\/camara-de-ouro-velho-aprova-a-realizacao-da-semana-do-bebe\/","title":{"rendered":"C\u00e2mara de Ouro Velho aprova a realiza\u00e7\u00e3o da Semana do Beb\u00ea"},"content":{"rendered":"\n<p>Os vereadores da C\u00e2mara Municipal de Ouro Velho aprovaram na sess\u00e3o ordin\u00e1ria da \u00faltima sexta-feira (08\/11) Projeto de Lei de autoria do vereador Paulo J\u00fanior, que institui a Semana do Beb\u00ea no munic\u00edpio.<\/p>\n\n\n\n<p>De acordo com o artigo 1\u00ba da referida lei, a Semana do Beb\u00ea dever\u00e1 ocorrer anualmente e ser\u00e1 realizada pela Prefeitura Municipal, atrav\u00e9s das secretarias municipais de Assist\u00eancia Social, Sa\u00fade e Educa\u00e7\u00e3o.<\/p>\n\n\n\n<p>Segundo o Projeto, a Semana do Beb\u00ea tem o objetivo de contribuir para a diminui\u00e7\u00e3o do \u00edndice de mortalidade infantil, melhorar a qualidade de vida das gestantes e das crian\u00e7as de zero a tr\u00eas anos e diminuir as situa\u00e7\u00f5es de exclus\u00e3o atrav\u00e9s da realiza\u00e7\u00e3o de semin\u00e1rios, palestras, divulga\u00e7\u00e3o de servi\u00e7os e programas oferecidos \u00e0s gestantes e \u00e0s crian\u00e7as, e atendimento m\u00e9dico e psicol\u00f3gico.<\/p>\n\n\n\n<p>O vereador ressaltou a import\u00e2ncia da mobiliza\u00e7\u00e3o para a cidade: \u201cA Semana do Beb\u00ea \u00e9 uma iniciativa que vai ao encontro dos objetivos de fortalecer o apoio dado \u00e0s fam\u00edlias e \u00e0s crian\u00e7as na primeira inf\u00e2ncia. <\/p>\n\n\n\n<p>Paulo J\u00fanior ainda destacou que o projeto de lei foi elaborado em parceria com o Poder Executivo, atrav\u00e9s das secretarias de Sa\u00fade e Assist\u00eancia Social. \u201c Constru\u00edmos a proposta de forma compartilhada, propositiva e discutida entre o nosso mandato e a gest\u00e3o municipal.<\/p>\n","protected":false},"excerpt":{"rendered":"<p>Os vereadores da C\u00e2mara Municipal de Ouro Velho aprovaram na sess\u00e3o ordin\u00e1ria da \u00faltima sexta-feira (08\/11) Projeto de Lei de autoria do vereador Paulo J\u00fanior,&hellip; <\/p>\n","protected":false},"author":2,"featured_media":14889,"comment_status":"closed","ping_status":"closed","sticky":false,"template":"","format":"standard","meta":{"sfsi_plus_gutenberg_text_before_share":"","sfsi_plus_gutenberg_show_text_before_share":"","sfsi_plus_gutenberg_icon_type":"","sfsi_plus_gutenberg_icon_alignemt":"","sfsi_plus_gutenburg_max_per_row":"","footnotes":""},"categories":[50,2],"tags":[],"class_list":["post-133943","post","type-post","status-publish","format-standard","has-post-thumbnail","hentry","category-destaque","category-geral"],"_links":{"self":[{"href":"https:\/\/www.caririemacao.com\/1\/wp-json\/wp\/v2\/posts\/133943","targetHints":{"allow":["GET"]}}],"collection":[{"href":"https:\/\/www.caririemacao.com\/1\/wp-json\/wp\/v2\/posts"}],"about":[{"href":"https:\/\/www.caririemacao.com\/1\/wp-json\/wp\/v2\/types\/post"}],"author":[{"embeddable":true,"href":"https:\/\/www.caririemacao.com\/1\/wp-json\/wp\/v2\/users\/2"}],"replies":[{"embeddable":true,"href":"https:\/\/www.caririemacao.com\/1\/wp-json\/wp\/v2\/comments?post=133943"}],"version-history":[{"count":1,"href":"https:\/\/www.caririemacao.com\/1\/wp-json\/wp\/v2\/posts\/133943\/revisions"}],"predecessor-version":[{"id":133944,"href":"https:\/\/www.caririemacao.com\/1\/wp-json\/wp\/v2\/posts\/133943\/revisions\/133944"}],"wp:featuredmedia":[{"embeddable":true,"href":"https:\/\/www.caririemacao.com\/1\/wp-json\/wp\/v2\/media\/14889"}],"wp:attachment":[{"href":"https:\/\/www.caririemacao.com\/1\/wp-json\/wp\/v2\/media?parent=133943"}],"wp:term":[{"taxonomy":"category","embeddable":true,"href":"https:\/\/www.caririemacao.com\/1\/wp-json\/wp\/v2\/categories?post=133943"},{"taxonomy":"post_tag","embeddable":true,"href":"https:\/\/www.caririemacao.com\/1\/wp-json\/wp\/v2\/tags?post=133943"}],"curies":[{"name":"wp","href":"https:\/\/api.w.org\/{rel}","templated":true}]}}