{"id":133945,"date":"2019-11-10T09:16:12","date_gmt":"2019-11-10T12:16:12","guid":{"rendered":"http:\/\/www.caririemacao.com\/1\/?p=133945"},"modified":"2019-11-10T09:16:12","modified_gmt":"2019-11-10T12:16:12","slug":"enem-aplica-provas-de-matematica-e-ciencia-da-natureza-neste-domingo","status":"publish","type":"post","link":"https:\/\/www.caririemacao.com\/1\/2019\/11\/10\/enem-aplica-provas-de-matematica-e-ciencia-da-natureza-neste-domingo\/","title":{"rendered":"Enem aplica provas de matem\u00e1tica e ci\u00eancia da natureza neste domingo"},"content":{"rendered":"\n<p><br>Neste domingo (10), estudantes de todo o pa\u00eds far\u00e3o as provas de matem\u00e1tica e ci\u00eancias da natureza do Exame Nacional do Ensino M\u00e9dio (Enem).&nbsp;<a href=\"https:\/\/paraibaonline.com.br\/2019\/11\/destaques-do-paraibaonline-sobre-o-enem-nas-ultimas-horas\/\">As provas do \u00faltimo domingo (3)<\/a>&nbsp;podem dar ind\u00edcios de como ser\u00e1 esse segundo dia de exame, de acordo com professores entrevistados pela Ag\u00eancia Brasil.<\/p>\n\n\n\n<p>Segundo a tend\u00eancia do primeiro dia de exame, \u201ca prova est\u00e1 prometendo ser um pouco menor, com textos mais enxutos\u201d, diz o professor de f\u00edsica Leonardo Gomes, do curso online Descomplica.<\/p>\n\n\n\n<p>Mas isso n\u00e3o pode fazer com que os estudantes descuidem da interpreta\u00e7\u00e3o de texto. \u201c\u00c9 importante buscar nos textos partes que importam [para a resolu\u00e7\u00e3o da quest\u00e3o] e n\u00e3o sejam levados por palavras que n\u00e3o servem para nada\u201d, acrescenta.<\/p>\n\n\n\n<p>No segundo dia de aplica\u00e7\u00e3o, os estudantes ter\u00e3o meia hora a menos, ou seja, cinco horas para resolver todas as quest\u00f5es da prova. Isso significa, de acordo com Gomes, que ter\u00e3o, em m\u00e9dia, tr\u00eas minutos para cada quest\u00e3o.<\/p>\n\n\n\n<p>\u201cO desperd\u00edcio de tempo \u00e9 um grave problema. A cada 30 minutos, quando o fiscal tirar o papelzinho do tempo, o candidato tem que ter marcado 10 quest\u00f5es\u201d, recomenda o professor. Para isso, a dica \u00e9 buscar sempre as quest\u00f5es mais f\u00e1ceis e, depois, voltar nas quest\u00f5es dif\u00edceis.<\/p>\n\n\n\n<p>No segundo dia de prova, \u00e9 importante tamb\u00e9m repetir o que funcionou no primeiro, segundo o professor.<\/p>\n\n\n\n<p>\u201cDistribui\u00e7\u00e3o do tempo de prova, chegada ao local do exame. Fazer do mesmo jeito para n\u00e3o ter problema e n\u00e3o chegar atrasado. Ir com calma, que vai dar tudo certo\u201d, sugere o professor de matem\u00e1tica do col\u00e9gio Marista Jo\u00e3o Paulo II, em Bras\u00edlia, Leonardo Sim\u00f5es.<\/p>\n\n\n\n<p>Nessa reta final, a recomenda\u00e7\u00e3o de Sim\u00f5es \u00e9 que os estudantes fa\u00e7am o que os deixar mais tranquilos.<\/p>\n\n\n\n<p>\u201cCada estudante tem um m\u00e9todo. Alguns relaxam estudando e alguns saindo. Tem que identificar o que mais satisfaz para a realiza\u00e7\u00e3o do exame no domingo\u201d, diz. Para quem se sente melhor preparado estudando, uma dica \u00e9 fazer quest\u00f5es de provas antigas.<\/p>\n\n\n\n<p>O professor recomenda a revis\u00e3o dos seguintes conte\u00fados: raz\u00e3o, propor\u00e7\u00e3o, porcentagem, geometria plana \u2013 \u00e1reas de figuras planas, geometria espacial \u2013 volume dos s\u00f3lidos geom\u00e9tricos, probabilidade, estat\u00edstica e fun\u00e7\u00f5es.<\/p>\n\n\n\n<figure class=\"wp-block-image\"><img decoding=\"async\" data-src=\"https:\/\/paraibaonline.com.br\/wp-content\/uploads\/2019\/11\/exame_do_enem_2015-567x378.jpg\" alt=\"Foto: EBC\" class=\"wp-image-818315 lazyload\" src=\"data:image\/svg+xml;base64,PHN2ZyB3aWR0aD0iMSIgaGVpZ2h0PSIxIiB4bWxucz0iaHR0cDovL3d3dy53My5vcmcvMjAwMC9zdmciPjwvc3ZnPg==\" style=\"--smush-placeholder-width: 567px; --smush-placeholder-aspect-ratio: 567\/378;\" \/><\/figure>\n\n\n\n<p>Foto: EBC<\/p>\n\n\n\n<p><strong>Na hora da prova<\/strong><br>Na hora da prova, de acordo com o professor de qu\u00edmica Allan Rodriges, do Descomplica, para quem estiver nervoso, exerc\u00edcios de respira\u00e7\u00e3o podem ajudar.<\/p>\n\n\n\n<p>\u201cA minha dica inicial, de cara, para controlar o emocional na prova, \u00e9 a respira\u00e7\u00e3o. A respira\u00e7\u00e3o oxigena o c\u00e9rebro e faz com que o estudante fique mais tranquilo. Se se sentir nervoso, pare, feche os olhos, respire fundo. Isso reduz os batimentos card\u00edacos. Se estiver muito abalado, tome \u00e1gua, v\u00e1 ao banheiro\u201d, diz.<\/p>\n\n\n\n<p>\u201c\u00c9 um dia de muita conta, com matem\u00e1tica, f\u00edsica, qu\u00edmica, biologia. Ent\u00e3o, as pessoas t\u00eam que ir preparadas para fazer contas. E, com isso, acho que a grande estrat\u00e9gia \u00e9 pensar que j\u00e1 que vai fazer muita conta, tentar dissolver as quest\u00f5es que envolvem mais n\u00fameros com quest\u00f5es te\u00f3ricas, de biologia, por exemplo\u201d, recomenda.<\/p>\n\n\n\n<p>Aos estudantes que est\u00e3o ainda nervosos com o desempenho no primeiro dia, Rodrigues refor\u00e7a: \u201cO que passou, passou. N\u00e3o tem como prever a nota\u201d.<\/p>\n","protected":false},"excerpt":{"rendered":"<p>Neste domingo (10), estudantes de todo o pa\u00eds far\u00e3o as provas de matem\u00e1tica e ci\u00eancias da natureza do Exame Nacional do Ensino M\u00e9dio (Enem).&nbsp;As provas&hellip; <\/p>\n","protected":false},"author":1,"featured_media":131792,"comment_status":"closed","ping_status":"closed","sticky":false,"template":"","format":"standard","meta":{"sfsi_plus_gutenberg_text_before_share":"","sfsi_plus_gutenberg_show_text_before_share":"","sfsi_plus_gutenberg_icon_type":"","sfsi_plus_gutenberg_icon_alignemt":"","sfsi_plus_gutenburg_max_per_row":"","footnotes":""},"categories":[2],"tags":[],"class_list":["post-133945","post","type-post","status-publish","format-standard","has-post-thumbnail","hentry","category-geral"],"_links":{"self":[{"href":"https:\/\/www.caririemacao.com\/1\/wp-json\/wp\/v2\/posts\/133945","targetHints":{"allow":["GET"]}}],"collection":[{"href":"https:\/\/www.caririemacao.com\/1\/wp-json\/wp\/v2\/posts"}],"about":[{"href":"https:\/\/www.caririemacao.com\/1\/wp-json\/wp\/v2\/types\/post"}],"author":[{"embeddable":true,"href":"https:\/\/www.caririemacao.com\/1\/wp-json\/wp\/v2\/users\/1"}],"replies":[{"embeddable":true,"href":"https:\/\/www.caririemacao.com\/1\/wp-json\/wp\/v2\/comments?post=133945"}],"version-history":[{"count":1,"href":"https:\/\/www.caririemacao.com\/1\/wp-json\/wp\/v2\/posts\/133945\/revisions"}],"predecessor-version":[{"id":133947,"href":"https:\/\/www.caririemacao.com\/1\/wp-json\/wp\/v2\/posts\/133945\/revisions\/133947"}],"wp:featuredmedia":[{"embeddable":true,"href":"https:\/\/www.caririemacao.com\/1\/wp-json\/wp\/v2\/media\/131792"}],"wp:attachment":[{"href":"https:\/\/www.caririemacao.com\/1\/wp-json\/wp\/v2\/media?parent=133945"}],"wp:term":[{"taxonomy":"category","embeddable":true,"href":"https:\/\/www.caririemacao.com\/1\/wp-json\/wp\/v2\/categories?post=133945"},{"taxonomy":"post_tag","embeddable":true,"href":"https:\/\/www.caririemacao.com\/1\/wp-json\/wp\/v2\/tags?post=133945"}],"curies":[{"name":"wp","href":"https:\/\/api.w.org\/{rel}","templated":true}]}}