{"id":133971,"date":"2019-11-10T09:21:52","date_gmt":"2019-11-10T12:21:52","guid":{"rendered":"http:\/\/www.caririemacao.com\/1\/?p=133971"},"modified":"2019-11-10T09:21:52","modified_gmt":"2019-11-10T12:21:52","slug":"paraiba-implanta-placas-no-padrao-mercosul-a-partir-desta-segunda-feira","status":"publish","type":"post","link":"https:\/\/www.caririemacao.com\/1\/2019\/11\/10\/paraiba-implanta-placas-no-padrao-mercosul-a-partir-desta-segunda-feira\/","title":{"rendered":"Para\u00edba implanta placas no padr\u00e3o Mercosul a partir desta segunda-feira"},"content":{"rendered":"\n<p>A partir desta segunda-feira (11), a Para\u00edba inicia a implanta\u00e7\u00e3o das placas no padr\u00e3o Mercosul. O superintendente Agamenon Vieira esclarece, no entanto, que a substitui\u00e7\u00e3o do antigo modelo n\u00e3o precisa ser imediata.<\/p>\n\n\n\n<p>Ela s\u00f3 ser\u00e1 obrigat\u00f3ria para os casos de primeiro emplacamento; de substitui\u00e7\u00e3o de qualquer das placas em decorr\u00eancia de mudan\u00e7a de categoria do ve\u00edculo ou furto, extravio, roubo ou dano; de mudan\u00e7a de munic\u00edpio ou de unidade federativa; de expedi\u00e7\u00e3o de segunda via do documento do ve\u00edculo, e quando houver necessidade de instala\u00e7\u00e3o da segunda placa traseira.<\/p>\n\n\n\n<p>A nova placa vem com fundo branco e uma faixa azul na parte superior, com o nome Brasil ao centro e a bandeira do pa\u00eds \u00e0 direita. A identifica\u00e7\u00e3o do Mercosul aparece na ponta esquerda da mesma faixa.<\/p>\n\n\n\n<p>Logo abaixo, na \u00e1rea de fundo branco, a sequ\u00eancia de identifica\u00e7\u00e3o aparece com um novo padr\u00e3o: sai o esquema com tr\u00eas letras e quatro n\u00fameros e entra um formato com quatro letras e tr\u00eas algarismos, sendo que o \u00faltimo caractere ser\u00e1 um n\u00famero, para n\u00e3o prejudicar programas de rod\u00edzio municipal.<\/p>\n\n\n\n<p>Quanto \u00e0s cores das molduras e caracteres, elas mudam conforme o tipo de ve\u00edculo. Para os particulares ser\u00e3o pretos. J\u00e1 aqueles destinados a fins comerciais \u2014 como t\u00e1xis e \u00f4nibus \u2014 ter\u00e3o moldura e caracteres em vermelho.<\/p>\n\n\n\n<p>Ve\u00edculos diplom\u00e1ticos seguir\u00e3o a cor laranja; carros oficiais receber\u00e3o a cor azul; ve\u00edculos especiais, a verde, e os carros de colecionadores ter\u00e3o cor prata.<\/p>\n","protected":false},"excerpt":{"rendered":"<p>A partir desta segunda-feira (11), a Para\u00edba inicia a implanta\u00e7\u00e3o das placas no padr\u00e3o Mercosul. O superintendente Agamenon Vieira esclarece, no entanto, que a substitui\u00e7\u00e3o&hellip; <\/p>\n","protected":false},"author":1,"featured_media":133973,"comment_status":"closed","ping_status":"closed","sticky":false,"template":"","format":"standard","meta":{"sfsi_plus_gutenberg_text_before_share":"","sfsi_plus_gutenberg_show_text_before_share":"","sfsi_plus_gutenberg_icon_type":"","sfsi_plus_gutenberg_icon_alignemt":"","sfsi_plus_gutenburg_max_per_row":"","footnotes":""},"categories":[2],"tags":[],"class_list":["post-133971","post","type-post","status-publish","format-standard","has-post-thumbnail","hentry","category-geral"],"_links":{"self":[{"href":"https:\/\/www.caririemacao.com\/1\/wp-json\/wp\/v2\/posts\/133971","targetHints":{"allow":["GET"]}}],"collection":[{"href":"https:\/\/www.caririemacao.com\/1\/wp-json\/wp\/v2\/posts"}],"about":[{"href":"https:\/\/www.caririemacao.com\/1\/wp-json\/wp\/v2\/types\/post"}],"author":[{"embeddable":true,"href":"https:\/\/www.caririemacao.com\/1\/wp-json\/wp\/v2\/users\/1"}],"replies":[{"embeddable":true,"href":"https:\/\/www.caririemacao.com\/1\/wp-json\/wp\/v2\/comments?post=133971"}],"version-history":[{"count":1,"href":"https:\/\/www.caririemacao.com\/1\/wp-json\/wp\/v2\/posts\/133971\/revisions"}],"predecessor-version":[{"id":133974,"href":"https:\/\/www.caririemacao.com\/1\/wp-json\/wp\/v2\/posts\/133971\/revisions\/133974"}],"wp:featuredmedia":[{"embeddable":true,"href":"https:\/\/www.caririemacao.com\/1\/wp-json\/wp\/v2\/media\/133973"}],"wp:attachment":[{"href":"https:\/\/www.caririemacao.com\/1\/wp-json\/wp\/v2\/media?parent=133971"}],"wp:term":[{"taxonomy":"category","embeddable":true,"href":"https:\/\/www.caririemacao.com\/1\/wp-json\/wp\/v2\/categories?post=133971"},{"taxonomy":"post_tag","embeddable":true,"href":"https:\/\/www.caririemacao.com\/1\/wp-json\/wp\/v2\/tags?post=133971"}],"curies":[{"name":"wp","href":"https:\/\/api.w.org\/{rel}","templated":true}]}}