{"id":133979,"date":"2019-11-10T09:24:23","date_gmt":"2019-11-10T12:24:23","guid":{"rendered":"http:\/\/www.caririemacao.com\/1\/?p=133979"},"modified":"2019-11-10T09:24:23","modified_gmt":"2019-11-10T12:24:23","slug":"sou-paraiba-e-me-orgulho-disso-diz-larissa-pereira-no-encerramento-do-jn","status":"publish","type":"post","link":"https:\/\/www.caririemacao.com\/1\/2019\/11\/10\/sou-paraiba-e-me-orgulho-disso-diz-larissa-pereira-no-encerramento-do-jn\/","title":{"rendered":"&#8220;Sou Para\u00edba e me orgulho disso&#8221;, diz Larissa Pereira no encerramento do JN"},"content":{"rendered":"\n<p>A paraibana Larissa Pereira encerrou sua participa\u00e7\u00e3o no Jornal Nacional deste s\u00e1bado (9) dizendo que \u00e9 muito mais que jornalista. &#8220;Estou honrada e agradecida. E sei que sou mais que Larissa. Sou Para\u00edba e me orgulho disso.&#8221;<\/p>\n\n\n\n<p>Ela representou a Para\u00edba entre os jornalistas de todos os estados do Brasil convidados para os rod\u00edzios de s\u00e1bado na bancada do principal telejornal da emissora, nessas comemora\u00e7\u00f5es dos 50 anos do JN no ar.<\/p>\n\n\n\n<p>Ontem (8), Larissa e Matheus Ribeiro, da afiliada Globo em Goi\u00e1s, foram apresentados ao p\u00fablico por William Bonner e Ana Paula Ara\u00fajo.<\/p>\n\n\n\n<p>Hoje, no Jornal Nacional, foi exibida uma reportagem especial sobre o algod\u00e3o colorido da Para\u00edba, que gera emprego e renda e \u00e9 pioneiro no pa\u00eds. Al\u00e9m disso, Larissa conduziu a conversa sobre a previs\u00e3o do tempo e leu a nota da Globo sobre o pronunciamento do ex-presidente Lula contra a emissora.<\/p>\n","protected":false},"excerpt":{"rendered":"<p>A paraibana Larissa Pereira encerrou sua participa\u00e7\u00e3o no Jornal Nacional deste s\u00e1bado (9) dizendo que \u00e9 muito mais que jornalista. &#8220;Estou honrada e agradecida. E&hellip; <\/p>\n","protected":false},"author":1,"featured_media":133981,"comment_status":"closed","ping_status":"closed","sticky":false,"template":"","format":"standard","meta":{"sfsi_plus_gutenberg_text_before_share":"","sfsi_plus_gutenberg_show_text_before_share":"","sfsi_plus_gutenberg_icon_type":"","sfsi_plus_gutenberg_icon_alignemt":"","sfsi_plus_gutenburg_max_per_row":"","footnotes":""},"categories":[2],"tags":[],"class_list":["post-133979","post","type-post","status-publish","format-standard","has-post-thumbnail","hentry","category-geral"],"_links":{"self":[{"href":"https:\/\/www.caririemacao.com\/1\/wp-json\/wp\/v2\/posts\/133979","targetHints":{"allow":["GET"]}}],"collection":[{"href":"https:\/\/www.caririemacao.com\/1\/wp-json\/wp\/v2\/posts"}],"about":[{"href":"https:\/\/www.caririemacao.com\/1\/wp-json\/wp\/v2\/types\/post"}],"author":[{"embeddable":true,"href":"https:\/\/www.caririemacao.com\/1\/wp-json\/wp\/v2\/users\/1"}],"replies":[{"embeddable":true,"href":"https:\/\/www.caririemacao.com\/1\/wp-json\/wp\/v2\/comments?post=133979"}],"version-history":[{"count":1,"href":"https:\/\/www.caririemacao.com\/1\/wp-json\/wp\/v2\/posts\/133979\/revisions"}],"predecessor-version":[{"id":133982,"href":"https:\/\/www.caririemacao.com\/1\/wp-json\/wp\/v2\/posts\/133979\/revisions\/133982"}],"wp:featuredmedia":[{"embeddable":true,"href":"https:\/\/www.caririemacao.com\/1\/wp-json\/wp\/v2\/media\/133981"}],"wp:attachment":[{"href":"https:\/\/www.caririemacao.com\/1\/wp-json\/wp\/v2\/media?parent=133979"}],"wp:term":[{"taxonomy":"category","embeddable":true,"href":"https:\/\/www.caririemacao.com\/1\/wp-json\/wp\/v2\/categories?post=133979"},{"taxonomy":"post_tag","embeddable":true,"href":"https:\/\/www.caririemacao.com\/1\/wp-json\/wp\/v2\/tags?post=133979"}],"curies":[{"name":"wp","href":"https:\/\/api.w.org\/{rel}","templated":true}]}}