{"id":133987,"date":"2019-11-10T09:26:04","date_gmt":"2019-11-10T12:26:04","guid":{"rendered":"http:\/\/www.caririemacao.com\/1\/?p=133987"},"modified":"2019-11-10T09:26:04","modified_gmt":"2019-11-10T12:26:04","slug":"em-discurso-lula-indica-que-pilar-da-oposicao-sera-economia-de-guedes","status":"publish","type":"post","link":"https:\/\/www.caririemacao.com\/1\/2019\/11\/10\/em-discurso-lula-indica-que-pilar-da-oposicao-sera-economia-de-guedes\/","title":{"rendered":"Em discurso, Lula indica que pilar da oposi\u00e7\u00e3o ser\u00e1 economia de Guedes"},"content":{"rendered":"\n<p>O recado que saiu do palanque de S\u00e3o Bernardo do Campo (SP) \u00e9 claro. Lula retoma a cena n\u00e3o apenas para contrapor o PT como alternativa pol\u00edtica ao governo de Jair Bolsonaro (PSL), mas principalmente como opositor da agenda econ\u00f4mica \u2014 hoje uma esp\u00e9cie de pilar para a pouca estabilidade da gest\u00e3o bolsonarista.<\/p>\n\n\n\n<p>Lula p\u00f4s fim ao que muitos chamam hoje de pensamento \u00fanico na economia brasileira.<\/p>\n\n\n\n<p>Em menos de uma hora, fez mais cr\u00edticas \u00e0 pol\u00edtica do ministro da Economia, Paulo Guedes, do que todos os economistas brasileiros juntos fizeram publicamente nos 11 meses de sua gest\u00e3o \u2014 e ainda partiu para cima da figura pessoal do ministro.<\/p>\n\n\n\n<p>Chamou Guedes de &#8220;demolidor de sonhos&#8221;, &#8220;destruidor de empregos e de empresas p\u00fablicas brasileiras&#8221; e pin\u00e7ou do cen\u00e1rio internacional os protestos monumentais no Chile para refor\u00e7ar que Guedes quer construir no Brasil o modelo que levou pobreza aos aposentados do pa\u00eds sul-americano.<\/p>\n\n\n\n<p>Criticou a proposta de se trocar a carteira de trabalho azul pela verde e amarela, que reduz direitos, e questionou como um presidente que deu um jeito de n\u00e3o trabalhar e se aposentou jovem como militar p\u00f4de fazer uma reforma da Previd\u00eancia que mexeu com os direitos de todos.<\/p>\n\n\n\n<p>Mas, al\u00e9m dessa ret\u00f3rica, a quest\u00e3o \u00e9 que Lula explorou brechas reais do governo e da economia.<\/p>\n\n\n\n<p>Questionou que, apesar de o juro cair, essa queda n\u00e3o chega \u00e0 popula\u00e7\u00e3o, o que \u00e9 um fato. Como ele disse, n\u00e3o chega ao cheque especial, ao consumidor, ao credi\u00e1rio das Casas Bahia, s\u00edmbolo de compra da baixa renda.<\/p>\n\n\n\n<p>Na semana em que o IBGE apontou avan\u00e7o na pobreza extrema, Lula retomou tamb\u00e9m o discurso social que sustentou suas falas desde os anos 1980 e fez isso contrapondo realidades.<\/p>\n\n\n\n<p>Disse que quase metade da popula\u00e7\u00e3o est\u00e1 ganhando R$ 413 por m\u00eas e precisa de servi\u00e7os e programas sociais, incluindo mais transporte, rem\u00e9dios, emprego.<\/p>\n\n\n\n<p>E acusou o governo de tentar criar uma nova classe dirigente financiada pelos donos do dinheiro. Citou as refer\u00eancias populares de empresas fortes: Ambev, do empres\u00e1rio Jorge Paulo Lemann, os bancos Bradesco e Ita\u00fa e a XP, maior corretora do pa\u00eds.<\/p>\n\n\n\n<p>Extraiu recados econ\u00f4micos at\u00e9 de outras bandeiras do governo. Atacando o discurso recorrente de Bolsonaro de que \u00e9 preciso combater o aumento da viol\u00eancia armando os cidad\u00e3os, Lula resgatou a proposta de que seguran\u00e7a social se constr\u00f3i com emprego, educa\u00e7\u00e3o e cultura para os mais jovens -a parcela da popula\u00e7\u00e3o que neste momento mais sofre com a lenta recupera\u00e7\u00e3o do emprego.<\/p>\n\n\n\n<p>E Lula ainda disse que est\u00e1 disposto a voltar a andar pelo pa\u00eds, &#8220;porque n\u00e3o \u00e9 poss\u00edvel que a gente veja cada vez mais os ricos ficando mais ricos e os pobres mais pobres&#8221;.<\/p>\n\n\n\n<p>L\u00e1 em S\u00e3o Bernardo do Campo, lembrou algo que anda meio esquecido: que n\u00e3o se governa e se faz pol\u00edtica p\u00fablica apenas com falas para eleitores pelo Twitter, funcion\u00e1rios p\u00fablicos e parlamentares na Esplanada dos Minist\u00e9rios ou para a Faria Lima. O Brasil \u00e9 maior.<\/p>\n","protected":false},"excerpt":{"rendered":"<p>O recado que saiu do palanque de S\u00e3o Bernardo do Campo (SP) \u00e9 claro. Lula retoma a cena n\u00e3o apenas para contrapor o PT como&hellip; <\/p>\n","protected":false},"author":1,"featured_media":133989,"comment_status":"closed","ping_status":"closed","sticky":false,"template":"","format":"standard","meta":{"sfsi_plus_gutenberg_text_before_share":"","sfsi_plus_gutenberg_show_text_before_share":"","sfsi_plus_gutenberg_icon_type":"","sfsi_plus_gutenberg_icon_alignemt":"","sfsi_plus_gutenburg_max_per_row":"","footnotes":""},"categories":[11],"tags":[],"class_list":["post-133987","post","type-post","status-publish","format-standard","has-post-thumbnail","hentry","category-politica"],"_links":{"self":[{"href":"https:\/\/www.caririemacao.com\/1\/wp-json\/wp\/v2\/posts\/133987","targetHints":{"allow":["GET"]}}],"collection":[{"href":"https:\/\/www.caririemacao.com\/1\/wp-json\/wp\/v2\/posts"}],"about":[{"href":"https:\/\/www.caririemacao.com\/1\/wp-json\/wp\/v2\/types\/post"}],"author":[{"embeddable":true,"href":"https:\/\/www.caririemacao.com\/1\/wp-json\/wp\/v2\/users\/1"}],"replies":[{"embeddable":true,"href":"https:\/\/www.caririemacao.com\/1\/wp-json\/wp\/v2\/comments?post=133987"}],"version-history":[{"count":1,"href":"https:\/\/www.caririemacao.com\/1\/wp-json\/wp\/v2\/posts\/133987\/revisions"}],"predecessor-version":[{"id":133990,"href":"https:\/\/www.caririemacao.com\/1\/wp-json\/wp\/v2\/posts\/133987\/revisions\/133990"}],"wp:featuredmedia":[{"embeddable":true,"href":"https:\/\/www.caririemacao.com\/1\/wp-json\/wp\/v2\/media\/133989"}],"wp:attachment":[{"href":"https:\/\/www.caririemacao.com\/1\/wp-json\/wp\/v2\/media?parent=133987"}],"wp:term":[{"taxonomy":"category","embeddable":true,"href":"https:\/\/www.caririemacao.com\/1\/wp-json\/wp\/v2\/categories?post=133987"},{"taxonomy":"post_tag","embeddable":true,"href":"https:\/\/www.caririemacao.com\/1\/wp-json\/wp\/v2\/tags?post=133987"}],"curies":[{"name":"wp","href":"https:\/\/api.w.org\/{rel}","templated":true}]}}