{"id":133997,"date":"2019-11-10T09:27:29","date_gmt":"2019-11-10T12:27:29","guid":{"rendered":"http:\/\/www.caririemacao.com\/1\/?p=133997"},"modified":"2019-11-10T09:27:29","modified_gmt":"2019-11-10T12:27:29","slug":"flamengo-anuncia-renovacao-com-reinier-ate-outubro-de-2024","status":"publish","type":"post","link":"https:\/\/www.caririemacao.com\/1\/2019\/11\/10\/flamengo-anuncia-renovacao-com-reinier-ate-outubro-de-2024\/","title":{"rendered":"Flamengo anuncia renova\u00e7\u00e3o com Reinier at\u00e9 outubro de 2024"},"content":{"rendered":"\n<p>O Flamengo anunciou que renovou contrato com Reinier at\u00e9 outubro de 2024. Em seu primeiro ano como profissional, o jovem atacante j\u00e1 mostrou potencial, e o clube decidiu pela renova\u00e7\u00e3o.<br><\/p>\n\n\n\n<p>Ele assinou ao lado do vice-presidente de futebol do Flamengo, Marcos Braz, e do presidente Rodolfo Landim, e falou do fato de ter sido valorizado pelo clube.<\/p>\n\n\n\n<p>&#8220;Feliz pela renova\u00e7\u00e3o, \u00e9 a realiza\u00e7\u00e3o de um sonho. Renovar com esse clube, [em] que estou desde meus 12 anos. Muito feliz. Sonho meu, do meu pai, da minha m\u00e3e. Agora \u00e9 s\u00f3 alegria. Sauda\u00e7\u00f5es rubro-negras&#8221;, disse o atacante.<\/p>\n\n\n\n<p>Rec\u00e9m-promovido para os profissionais e um dos principais destaques da base, Reinier ganhou rapidamente a confian\u00e7a do t\u00e9cnico Jorge Jesus, que tem o colocado em campo gradativamente. Ele soma dez partidas e j\u00e1 marcou em tr\u00eas oportunidades at\u00e9 o momento.<\/p>\n\n\n\n<p>O Flamengo, inclusive, n\u00e3o liberou o atleta para disputar a Copa do Mundo sub-17, que est\u00e1 sendo sediada pelo Brasil. Ele foi titular na aus\u00eancia de alguns titulares e deu conta do recado.<\/p>\n","protected":false},"excerpt":{"rendered":"<p>O Flamengo anunciou que renovou contrato com Reinier at\u00e9 outubro de 2024. Em seu primeiro ano como profissional, o jovem atacante j\u00e1 mostrou potencial, e&hellip; <\/p>\n","protected":false},"author":1,"featured_media":133999,"comment_status":"closed","ping_status":"closed","sticky":false,"template":"","format":"standard","meta":{"sfsi_plus_gutenberg_text_before_share":"","sfsi_plus_gutenberg_show_text_before_share":"","sfsi_plus_gutenberg_icon_type":"","sfsi_plus_gutenberg_icon_alignemt":"","sfsi_plus_gutenburg_max_per_row":"","footnotes":""},"categories":[13],"tags":[],"class_list":["post-133997","post","type-post","status-publish","format-standard","has-post-thumbnail","hentry","category-esportes"],"_links":{"self":[{"href":"https:\/\/www.caririemacao.com\/1\/wp-json\/wp\/v2\/posts\/133997","targetHints":{"allow":["GET"]}}],"collection":[{"href":"https:\/\/www.caririemacao.com\/1\/wp-json\/wp\/v2\/posts"}],"about":[{"href":"https:\/\/www.caririemacao.com\/1\/wp-json\/wp\/v2\/types\/post"}],"author":[{"embeddable":true,"href":"https:\/\/www.caririemacao.com\/1\/wp-json\/wp\/v2\/users\/1"}],"replies":[{"embeddable":true,"href":"https:\/\/www.caririemacao.com\/1\/wp-json\/wp\/v2\/comments?post=133997"}],"version-history":[{"count":1,"href":"https:\/\/www.caririemacao.com\/1\/wp-json\/wp\/v2\/posts\/133997\/revisions"}],"predecessor-version":[{"id":134000,"href":"https:\/\/www.caririemacao.com\/1\/wp-json\/wp\/v2\/posts\/133997\/revisions\/134000"}],"wp:featuredmedia":[{"embeddable":true,"href":"https:\/\/www.caririemacao.com\/1\/wp-json\/wp\/v2\/media\/133999"}],"wp:attachment":[{"href":"https:\/\/www.caririemacao.com\/1\/wp-json\/wp\/v2\/media?parent=133997"}],"wp:term":[{"taxonomy":"category","embeddable":true,"href":"https:\/\/www.caririemacao.com\/1\/wp-json\/wp\/v2\/categories?post=133997"},{"taxonomy":"post_tag","embeddable":true,"href":"https:\/\/www.caririemacao.com\/1\/wp-json\/wp\/v2\/tags?post=133997"}],"curies":[{"name":"wp","href":"https:\/\/api.w.org\/{rel}","templated":true}]}}