{"id":134007,"date":"2019-11-10T09:28:49","date_gmt":"2019-11-10T12:28:49","guid":{"rendered":"http:\/\/www.caririemacao.com\/1\/?p=134007"},"modified":"2019-11-10T09:28:49","modified_gmt":"2019-11-10T12:28:49","slug":"paraibano-petrucio-ferreira-vence-mundial-paralimpico-de-atletismo","status":"publish","type":"post","link":"https:\/\/www.caririemacao.com\/1\/2019\/11\/10\/paraibano-petrucio-ferreira-vence-mundial-paralimpico-de-atletismo\/","title":{"rendered":"Paraibano Petr\u00facio Ferreira vence Mundial Paral\u00edmpico de Atletismo"},"content":{"rendered":"\n<p>O paraibano o Petr\u00facio Ferreira venceu a prova dos 400m, com o tempo de 47s87 no Mundial Paral\u00edmpico de Atletismo.&nbsp;Petr\u00facio bateu o recorde do campeonato e ainda garantiu a vaga em T\u00f3quio.<\/p>\n\n\n\n<p>Al\u00e9m de Petr\u00facio, o brasileiro&nbsp;Thomaz Ruan de Moraes, de 18 anos, conquistou a prata. Ele \u00e9&nbsp;estreante em mundiais, com recorde pessoal de 48s27.&nbsp;<\/p>\n\n\n\n<p>Petr\u00facio que \u00e9&nbsp;&nbsp;de S\u00e3o Jos\u00e9 de Brejo do Cruz,vestiu chap\u00e9u de couro t\u00edpico do Nordeste, e dedicou a conquista a todos os nordestinos.<\/p>\n","protected":false},"excerpt":{"rendered":"<p>O paraibano o Petr\u00facio Ferreira venceu a prova dos 400m, com o tempo de 47s87 no Mundial Paral\u00edmpico de Atletismo.&nbsp;Petr\u00facio bateu o recorde do campeonato&hellip; <\/p>\n","protected":false},"author":1,"featured_media":134009,"comment_status":"closed","ping_status":"closed","sticky":false,"template":"","format":"standard","meta":{"sfsi_plus_gutenberg_text_before_share":"","sfsi_plus_gutenberg_show_text_before_share":"","sfsi_plus_gutenberg_icon_type":"","sfsi_plus_gutenberg_icon_alignemt":"","sfsi_plus_gutenburg_max_per_row":"","footnotes":""},"categories":[50,13],"tags":[],"class_list":["post-134007","post","type-post","status-publish","format-standard","has-post-thumbnail","hentry","category-destaque","category-esportes"],"_links":{"self":[{"href":"https:\/\/www.caririemacao.com\/1\/wp-json\/wp\/v2\/posts\/134007","targetHints":{"allow":["GET"]}}],"collection":[{"href":"https:\/\/www.caririemacao.com\/1\/wp-json\/wp\/v2\/posts"}],"about":[{"href":"https:\/\/www.caririemacao.com\/1\/wp-json\/wp\/v2\/types\/post"}],"author":[{"embeddable":true,"href":"https:\/\/www.caririemacao.com\/1\/wp-json\/wp\/v2\/users\/1"}],"replies":[{"embeddable":true,"href":"https:\/\/www.caririemacao.com\/1\/wp-json\/wp\/v2\/comments?post=134007"}],"version-history":[{"count":1,"href":"https:\/\/www.caririemacao.com\/1\/wp-json\/wp\/v2\/posts\/134007\/revisions"}],"predecessor-version":[{"id":134010,"href":"https:\/\/www.caririemacao.com\/1\/wp-json\/wp\/v2\/posts\/134007\/revisions\/134010"}],"wp:featuredmedia":[{"embeddable":true,"href":"https:\/\/www.caririemacao.com\/1\/wp-json\/wp\/v2\/media\/134009"}],"wp:attachment":[{"href":"https:\/\/www.caririemacao.com\/1\/wp-json\/wp\/v2\/media?parent=134007"}],"wp:term":[{"taxonomy":"category","embeddable":true,"href":"https:\/\/www.caririemacao.com\/1\/wp-json\/wp\/v2\/categories?post=134007"},{"taxonomy":"post_tag","embeddable":true,"href":"https:\/\/www.caririemacao.com\/1\/wp-json\/wp\/v2\/tags?post=134007"}],"curies":[{"name":"wp","href":"https:\/\/api.w.org\/{rel}","templated":true}]}}