{"id":134015,"date":"2019-11-10T09:30:06","date_gmt":"2019-11-10T12:30:06","guid":{"rendered":"http:\/\/www.caririemacao.com\/1\/?p=134015"},"modified":"2019-11-10T09:30:06","modified_gmt":"2019-11-10T12:30:06","slug":"governo-deve-lancar-consulta-publica-sobre-inteligencia-artificial","status":"publish","type":"post","link":"https:\/\/www.caririemacao.com\/1\/2019\/11\/10\/governo-deve-lancar-consulta-publica-sobre-inteligencia-artificial\/","title":{"rendered":"Governo deve lan\u00e7ar consulta p\u00fablica sobre intelig\u00eancia artificial"},"content":{"rendered":"\n<p>O governo federal deve lan\u00e7ar at\u00e9 o fim do ano consulta p\u00fablica com uma proposta de estrat\u00e9gia nacional de intelig\u00eancia artificial. O objetivo \u00e9 colher opini\u00f5es e considera\u00e7\u00f5es de pesquisadores, cidad\u00e3os, empres\u00e1rios e gestores p\u00fablicos sobre quais pol\u00edticas p\u00fablicas devem ser adotadas pelo Estado para fomentar o uso dessa tecnologia no pa\u00eds.<\/p>\n\n\n\n<p>A estrat\u00e9gia est\u00e1 em elabora\u00e7\u00e3o pelo Minist\u00e9rio da Ci\u00eancia, Tecnologia, Inova\u00e7\u00f5es e Comunica\u00e7\u00f5es (MCTIC), com aux\u00edlio de uma consultora contratada, a professora de Ci\u00eancia da Computa\u00e7\u00e3o Rosa Maria Viccari, da Universidade Federal do Rio Grande do Sul.<\/p>\n\n\n\n<p>Em debate na 5a Semana de Inova\u00e7\u00e3o, a representante do MCTIC Karla Cavalcanti informou que est\u00e3o sendo avaliadas experi\u00eancias de quase 30 pa\u00edses para formular a proposta. Ap\u00f3s a consulta, os coment\u00e1rios ser\u00e3o consolidados e a estrat\u00e9gia ser\u00e1 publicada como uma pol\u00edtica nacional para o setor.<\/p>\n\n\n\n<p>\u201cEstamos cada vez mais colocando \u00f3rg\u00e3os e entidades privadas. A tend\u00eancia \u00e9 que cada vez mais a gente v\u00e1 construindo esse documento com todo mundo. E a consulta p\u00fablica vai dar oportunidade para cada profissional ou pesquisador que trabalha com o tema de colocar suas opini\u00f5es\u201d, disse Karla Cavalcanti.<\/p>\n\n\n\n<p>O representante do Tribunal de Contas da Uni\u00e3o (TCU) Wesley Vaz destacou a import\u00e2ncia de fortalecer a forma\u00e7\u00e3o nas carreiras relacionadas \u00e0 \u00e1rea. Ele citou dados da Organiza\u00e7\u00e3o para a Coopera\u00e7\u00e3o e Desenvolvimento Econ\u00f4mico (OCDE) segundo os quais os egressos de cursos de ci\u00eancia e tecnologia s\u00e3o 8% menores do que a m\u00e9dia da organiza\u00e7\u00e3o.<\/p>\n\n\n\n<p>\u201cTemos dificuldade de [encontrar] pessoas que possam lidar com intelig\u00eancia artificial, tanto no servi\u00e7o p\u00fablico quanto no setor privado. Temos poucas pessoas e a forma\u00e7\u00e3o n\u00e3o necessariamente discute o assunto de imediato\u201d, comentou Vaz.<\/p>\n\n\n\n<p>O chefe de intelig\u00eancia artificial da empresa Neoway, Ricardo Fernandes, ressaltou que, atualmente, faltam trabalhadores com qualifica\u00e7\u00e3o na \u00e1rea. \u201cMuitas vezes, as empresas ficam brigando por poucos engenheiros. E outros acabam saindo do pa\u00eds, pois recebem em outra moeda e ganham benef\u00edcios\u201d, comentou.<\/p>\n\n\n\n<p>O consultor do Senado Jacson de Medeiros relatou a experi\u00eancia francesa, que transformou quatro centros de pesquisa em locais dedicados ao desenvolvimento de solu\u00e7\u00f5es em intelig\u00eancia artificial, com quadro pr\u00f3prio de pesquisadores. Uma das medidas para reter os talentos foi dobrar o sal\u00e1rio dos profissionais para evitar a evas\u00e3o.<\/p>\n\n\n\n<p><strong>Centros de pesquisa<\/strong><\/p>\n\n\n\n<p>Ontem, o titular do MCTIC, Marcos Pontes, anunciou na Semana de Inova\u00e7\u00e3o a cria\u00e7\u00e3o de oito centros de pesquisa em intelig\u00eancia artificial. Um dos laborat\u00f3rios ser\u00e1 para pesquisa \u201cpura\u201d. Outros quatro ser\u00e3o voltados para \u00e1reas elencadas na Pol\u00edtica Nacional de Internet das Coisas: sa\u00fade, agricultura, ind\u00fastria e sa\u00fade. O quarto centro ter\u00e1 como objetivo desenvolver aplica\u00e7\u00f5es de governo.<\/p>\n","protected":false},"excerpt":{"rendered":"<p>O governo federal deve lan\u00e7ar at\u00e9 o fim do ano consulta p\u00fablica com uma proposta de estrat\u00e9gia nacional de intelig\u00eancia artificial. O objetivo \u00e9 colher&hellip; <\/p>\n","protected":false},"author":1,"featured_media":134017,"comment_status":"closed","ping_status":"closed","sticky":false,"template":"","format":"standard","meta":{"sfsi_plus_gutenberg_text_before_share":"","sfsi_plus_gutenberg_show_text_before_share":"","sfsi_plus_gutenberg_icon_type":"","sfsi_plus_gutenberg_icon_alignemt":"","sfsi_plus_gutenburg_max_per_row":"","footnotes":""},"categories":[11],"tags":[],"class_list":["post-134015","post","type-post","status-publish","format-standard","has-post-thumbnail","hentry","category-politica"],"_links":{"self":[{"href":"https:\/\/www.caririemacao.com\/1\/wp-json\/wp\/v2\/posts\/134015","targetHints":{"allow":["GET"]}}],"collection":[{"href":"https:\/\/www.caririemacao.com\/1\/wp-json\/wp\/v2\/posts"}],"about":[{"href":"https:\/\/www.caririemacao.com\/1\/wp-json\/wp\/v2\/types\/post"}],"author":[{"embeddable":true,"href":"https:\/\/www.caririemacao.com\/1\/wp-json\/wp\/v2\/users\/1"}],"replies":[{"embeddable":true,"href":"https:\/\/www.caririemacao.com\/1\/wp-json\/wp\/v2\/comments?post=134015"}],"version-history":[{"count":1,"href":"https:\/\/www.caririemacao.com\/1\/wp-json\/wp\/v2\/posts\/134015\/revisions"}],"predecessor-version":[{"id":134018,"href":"https:\/\/www.caririemacao.com\/1\/wp-json\/wp\/v2\/posts\/134015\/revisions\/134018"}],"wp:featuredmedia":[{"embeddable":true,"href":"https:\/\/www.caririemacao.com\/1\/wp-json\/wp\/v2\/media\/134017"}],"wp:attachment":[{"href":"https:\/\/www.caririemacao.com\/1\/wp-json\/wp\/v2\/media?parent=134015"}],"wp:term":[{"taxonomy":"category","embeddable":true,"href":"https:\/\/www.caririemacao.com\/1\/wp-json\/wp\/v2\/categories?post=134015"},{"taxonomy":"post_tag","embeddable":true,"href":"https:\/\/www.caririemacao.com\/1\/wp-json\/wp\/v2\/tags?post=134015"}],"curies":[{"name":"wp","href":"https:\/\/api.w.org\/{rel}","templated":true}]}}