{"id":134039,"date":"2019-11-10T09:37:47","date_gmt":"2019-11-10T12:37:47","guid":{"rendered":"http:\/\/www.caririemacao.com\/1\/?p=134039"},"modified":"2019-11-10T09:37:47","modified_gmt":"2019-11-10T12:37:47","slug":"como-se-preparar-para-o-ultimo-dia-de-provas-do-enem-2019","status":"publish","type":"post","link":"https:\/\/www.caririemacao.com\/1\/2019\/11\/10\/como-se-preparar-para-o-ultimo-dia-de-provas-do-enem-2019\/","title":{"rendered":"Como se preparar para o \u00faltimo dia de provas do Enem 2019"},"content":{"rendered":"\n<p>Neste domingo (10), mais de 5 milh\u00f5es de candidatos realizam a prova do Enem 2019. Os estudantes far\u00e3o Provas de Ci\u00eancias da Natureza e suas Tecnologias, Matem\u00e1tica e suas Tecnologias.<\/p>\n\n\n\n<p>A Para\u00edba tem 147.181 inscritos no Enem, o que representa 2,9% do total de estudantes que se inscreveram no exame.&nbsp;Ser\u00e3o 378 locais de aplica\u00e7\u00e3o do exame distribu\u00eddos em 51 munic\u00edpios. Na regi\u00e3o metropolitana de Jo\u00e3o Pessoa ser\u00e3o 12 cidades com 148 locais de prova.<br><br><strong>PROGRAME-SE<\/strong><br><\/p>\n\n\n\n<ul class=\"wp-block-list\"><li>Planeje-se para chegar ao local da prova uma hora antes da abertura dos port\u00f5es;<\/li><li>Ap\u00f3s duas horas de prova, os candidatos j\u00e1 podem deixar o local, mas sem levar o caderno de quest\u00f5es;<\/li><li>Os candidatos poder\u00e3o levar o caderno de quest\u00f5es apenas 30 minutos antes do t\u00e9rmino da prova.<\/li><\/ul>\n\n\n\n<p><strong>ITENS OBRIGAT\u00d3RIOS<\/strong><br><\/p>\n\n\n\n<ul class=\"wp-block-list\"><li>Caneta esferogr\u00e1fica preta e com material transparente<\/li><li>Documento oficial de identifica\u00e7\u00e3o, original e com foto.<\/li><\/ul>\n\n\n\n<p><strong>ITENS ACONSELH\u00c1VEIS<\/strong><br><\/p>\n\n\n\n<ul class=\"wp-block-list\"><li>Cart\u00e3o de confirma\u00e7\u00e3o de inscri\u00e7\u00e3o;<\/li><li>Declara\u00e7\u00e3o de Comparecimento impressa (caso precise do documento).<\/li><\/ul>\n\n\n\n<p><strong>N\u00c3O LEVAR<\/strong><br><\/p>\n\n\n\n<ul class=\"wp-block-list\"><li>Borracha;<\/li><li>Corretivo;<\/li><li>Chave com alarme;<\/li><li>Artigo de chapelaria;<\/li><li>Impressos, como livros e manuais, nem anota\u00e7\u00f5es;<\/li><li>L\u00e1pis;<\/li><li>Lapiseira;<\/li><li>R\u00e9gua;<\/li><li>\u00d3culos escuros;<\/li><li>Caneta de material n\u00e3o transparente;<\/li><li>Dispositivos eletr\u00f4nicos (wearable tech, calculadoras, agendas eletr\u00f4nicas, telefones celulares, smartphones, tablets, ipods, gravadores, pen drive, mp3, rel\u00f3gio, alarmes);<\/li><li>Fones de ouvido ou qualquer transmissor, gravador ou receptor de dados imagens, v\u00eddeos e mensagens.<\/li><\/ul>\n\n\n\n<p>Todos os equipamentos eletr\u00f4nicos devem ser desligados e guardados no envelope oferecido pelo fiscal antes de o candidato entrar na sala de prova.<br><strong>O QUE PODE ELIMINAR NO ENEM<\/strong><\/p>\n\n\n\n<ul class=\"wp-block-list\"><li>Prestar declara\u00e7\u00e3o falsa ou inexata;<\/li><li>Perturbar a ordem no local de aplica\u00e7\u00e3o;<\/li><li>Comunicar-se, de qualquer forma, com pessoas que n\u00e3o sejam o aplicador ou o fiscal, a partir das 13h;<\/li><li>Usar livros, notas, pap\u00e9is ou impressos durante a aplica\u00e7\u00e3o;<\/li><li>Permitir que o aparelho eletr\u00f4nico, mesmo dentro do envelope porta-objetos, emita qualquer tipo de som, como toque ou alarme.<\/li><\/ul>\n\n\n\n<p>HOR\u00c1RIOS<br><\/p>\n\n\n\n<p>Acre + 13 munic\u00edpios amazonenses (Atalaia do Norte, Benjamin Constant, Boca do Acre, Eirunep\u00e9, Envira, Guajar\u00e1, Ipixuna, Itamarati, Juta\u00ed, L\u00e1brea, Pauini, S\u00e3o Paulo de Oliven\u00e7a e Tabatinga)<\/p>\n\n\n\n<ul class=\"wp-block-list\"><li>Abertura dos port\u00f5es \u2013 10h<\/li><li>Fechamento dos port\u00f5es \u2013 11h<\/li><li>In\u00edcio das provas \u2013 11h30<\/li><li>T\u00e9rmino das provas \u2013 17h<\/li><\/ul>\n\n\n\n<p>Roraima, Rond\u00f4nia, Mato Grosso, Mato Grosso do Sul e do Amazonas , com exce\u00e7\u00e3o dos 13 munic\u00edpios mencionados<\/p>\n\n\n\n<ul class=\"wp-block-list\"><li>Abertura dos port\u00f5es \u2013 11h<\/li><li>Fechamento dos port\u00f5es \u2013 12h<\/li><li>In\u00edcio das provas \u2013 12h30<\/li><li>T\u00e9rmino das provas \u2013 18h<\/li><\/ul>\n\n\n\n<p><strong>Rio de Janeiro, Para\u00edba e demais estados, al\u00e9m do Distrito Federal<\/strong><\/p>\n\n\n\n<ul class=\"wp-block-list\"><li>Abertura dos port\u00f5es \u2013 12h<\/li><li>Fechamento dos port\u00f5es \u2013 13h<\/li><li>In\u00edcio das provas \u2013 13h30<\/li><li>T\u00e9rmino das provas \u2013 19h<\/li><\/ul>\n\n\n\n<p><strong>O QUE COMER NA HORA DA PROVA<\/strong><\/p>\n\n\n\n<p>Alimentos de r\u00e1pida ingest\u00e3o, como barrinhas de cereal e chocolate. Para beber, \u00e1gua. No entanto, \u00e9 necess\u00e1rio ter aten\u00e7\u00e3o com o l\u00edquido, para n\u00e3o atrapalhar o candidato com as idas ao banheiro.<\/p>\n\n\n\n<p><strong>ROUPAS<\/strong><\/p>\n\n\n\n<p>Verifique como vai estar o tempo na sua cidade e pesquise se o local da prova tem ar condicionado. Levar um casaco sempre \u00e9 bom.<\/p>\n\n\n\n<p><em>Fonte: ClickPB<\/em><\/p>\n","protected":false},"excerpt":{"rendered":"<p>Neste domingo (10), mais de 5 milh\u00f5es de candidatos realizam a prova do Enem 2019. Os estudantes far\u00e3o Provas de Ci\u00eancias da Natureza e suas&hellip; <\/p>\n","protected":false},"author":1,"featured_media":85281,"comment_status":"closed","ping_status":"closed","sticky":false,"template":"","format":"standard","meta":{"sfsi_plus_gutenberg_text_before_share":"","sfsi_plus_gutenberg_show_text_before_share":"","sfsi_plus_gutenberg_icon_type":"","sfsi_plus_gutenberg_icon_alignemt":"","sfsi_plus_gutenburg_max_per_row":"","footnotes":""},"categories":[14],"tags":[],"class_list":["post-134039","post","type-post","status-publish","format-standard","has-post-thumbnail","hentry","category-educacao"],"_links":{"self":[{"href":"https:\/\/www.caririemacao.com\/1\/wp-json\/wp\/v2\/posts\/134039","targetHints":{"allow":["GET"]}}],"collection":[{"href":"https:\/\/www.caririemacao.com\/1\/wp-json\/wp\/v2\/posts"}],"about":[{"href":"https:\/\/www.caririemacao.com\/1\/wp-json\/wp\/v2\/types\/post"}],"author":[{"embeddable":true,"href":"https:\/\/www.caririemacao.com\/1\/wp-json\/wp\/v2\/users\/1"}],"replies":[{"embeddable":true,"href":"https:\/\/www.caririemacao.com\/1\/wp-json\/wp\/v2\/comments?post=134039"}],"version-history":[{"count":1,"href":"https:\/\/www.caririemacao.com\/1\/wp-json\/wp\/v2\/posts\/134039\/revisions"}],"predecessor-version":[{"id":134041,"href":"https:\/\/www.caririemacao.com\/1\/wp-json\/wp\/v2\/posts\/134039\/revisions\/134041"}],"wp:featuredmedia":[{"embeddable":true,"href":"https:\/\/www.caririemacao.com\/1\/wp-json\/wp\/v2\/media\/85281"}],"wp:attachment":[{"href":"https:\/\/www.caririemacao.com\/1\/wp-json\/wp\/v2\/media?parent=134039"}],"wp:term":[{"taxonomy":"category","embeddable":true,"href":"https:\/\/www.caririemacao.com\/1\/wp-json\/wp\/v2\/categories?post=134039"},{"taxonomy":"post_tag","embeddable":true,"href":"https:\/\/www.caririemacao.com\/1\/wp-json\/wp\/v2\/tags?post=134039"}],"curies":[{"name":"wp","href":"https:\/\/api.w.org\/{rel}","templated":true}]}}