{"id":134058,"date":"2019-11-10T10:49:37","date_gmt":"2019-11-10T13:49:37","guid":{"rendered":"http:\/\/www.caririemacao.com\/1\/?p=134058"},"modified":"2019-11-10T11:12:14","modified_gmt":"2019-11-10T14:12:14","slug":"acidente-com-quadriciclo-deixa-vitima-fatal-na-estrada-de-prata-vitima-e-de-tuparetama-pe","status":"publish","type":"post","link":"https:\/\/www.caririemacao.com\/1\/2019\/11\/10\/acidente-com-quadriciclo-deixa-vitima-fatal-na-estrada-de-prata-vitima-e-de-tuparetama-pe\/","title":{"rendered":"Acidente com quadriciclo deixa v\u00edtima fatal na estrada de Prata; V\u00edtima \u00e9 de Tuparetama\/PE"},"content":{"rendered":"\n<p>Um grave acidente foi registrado na manh\u00e3 deste domingo, dia 10, envolvendo um quadriciclo de cor vermelha e placa da cidade de Tuparetama\/PE.<\/p>\n\n\n\n<figure class=\"wp-block-image\"><img fetchpriority=\"high\" decoding=\"async\" width=\"774\" height=\"775\" src=\"http:\/\/www.caririemacao.com\/1\/wp-content\/uploads\/2019\/11\/WhatsApp-Image-2019-11-10-at-10.23.09-1.jpeg\" alt=\"\" class=\"wp-image-134059\" srcset=\"https:\/\/www.caririemacao.com\/1\/wp-content\/uploads\/2019\/11\/WhatsApp-Image-2019-11-10-at-10.23.09-1.jpeg 774w, https:\/\/www.caririemacao.com\/1\/wp-content\/uploads\/2019\/11\/WhatsApp-Image-2019-11-10-at-10.23.09-1-150x150.jpeg 150w, https:\/\/www.caririemacao.com\/1\/wp-content\/uploads\/2019\/11\/WhatsApp-Image-2019-11-10-at-10.23.09-1-300x300.jpeg 300w, https:\/\/www.caririemacao.com\/1\/wp-content\/uploads\/2019\/11\/WhatsApp-Image-2019-11-10-at-10.23.09-1-768x769.jpeg 768w\" sizes=\"(max-width: 774px) 100vw, 774px\" \/><\/figure>\n\n\n\n<p>No acidente, estavam duas pessoas,  Lourival Quintino da Silva, 75 anos, banc\u00e1rio aposentado, conhecido por seu Louro e sua esposa Cida, residentes na cidade de Tuparetama, no Paje\u00fa Pernambucano.<\/p>\n\n\n\n<p>A mulher veio a \u00f3bito no local, pr\u00f3ximo a ponte do S\u00edtio do Melo, j\u00e1 quase 06 quil\u00f4metros da cidade de Prata. <\/p>\n\n\n\n<p>J\u00e1 seu Louro ficou gravemente ferido e socorrido pelo SAMU. Ele foi transferido para o Hospital de Trauma de Campina Grande\/PB. Ele sofreu uma forte pancada na cabe\u00e7a. O caso dele requer muita aten\u00e7\u00e3o. A Pol\u00edcia est\u00e1 no local aguardando IML. <\/p>\n\n\n\n<p>Louro \u00e9 o dono de um castelo na cidade de Tuparetama. Veja foto abaixo.<\/p>\n\n\n\n<figure class=\"wp-block-image\"><img decoding=\"async\" width=\"720\" height=\"540\" data-src=\"http:\/\/www.caririemacao.com\/1\/wp-content\/uploads\/2019\/11\/WhatsApp-Image-2019-11-10-at-11.03.44.jpeg\" alt=\"\" class=\"wp-image-134063 lazyload\" data-srcset=\"https:\/\/www.caririemacao.com\/1\/wp-content\/uploads\/2019\/11\/WhatsApp-Image-2019-11-10-at-11.03.44.jpeg 720w, https:\/\/www.caririemacao.com\/1\/wp-content\/uploads\/2019\/11\/WhatsApp-Image-2019-11-10-at-11.03.44-300x225.jpeg 300w\" data-sizes=\"(max-width: 720px) 100vw, 720px\" src=\"data:image\/svg+xml;base64,PHN2ZyB3aWR0aD0iMSIgaGVpZ2h0PSIxIiB4bWxucz0iaHR0cDovL3d3dy53My5vcmcvMjAwMC9zdmciPjwvc3ZnPg==\" style=\"--smush-placeholder-width: 720px; --smush-placeholder-aspect-ratio: 720\/540;\" \/><\/figure>\n","protected":false},"excerpt":{"rendered":"<p>Um grave acidente foi registrado na manh\u00e3 deste domingo, dia 10, envolvendo um quadriciclo de cor vermelha e placa da cidade de Tuparetama\/PE. No acidente,&hellip; <\/p>\n","protected":false},"author":2,"featured_media":134061,"comment_status":"closed","ping_status":"closed","sticky":false,"template":"","format":"standard","meta":{"sfsi_plus_gutenberg_text_before_share":"","sfsi_plus_gutenberg_show_text_before_share":"","sfsi_plus_gutenberg_icon_type":"","sfsi_plus_gutenberg_icon_alignemt":"","sfsi_plus_gutenburg_max_per_row":"","footnotes":""},"categories":[50,12],"tags":[],"class_list":["post-134058","post","type-post","status-publish","format-standard","has-post-thumbnail","hentry","category-destaque","category-policia"],"_links":{"self":[{"href":"https:\/\/www.caririemacao.com\/1\/wp-json\/wp\/v2\/posts\/134058","targetHints":{"allow":["GET"]}}],"collection":[{"href":"https:\/\/www.caririemacao.com\/1\/wp-json\/wp\/v2\/posts"}],"about":[{"href":"https:\/\/www.caririemacao.com\/1\/wp-json\/wp\/v2\/types\/post"}],"author":[{"embeddable":true,"href":"https:\/\/www.caririemacao.com\/1\/wp-json\/wp\/v2\/users\/2"}],"replies":[{"embeddable":true,"href":"https:\/\/www.caririemacao.com\/1\/wp-json\/wp\/v2\/comments?post=134058"}],"version-history":[{"count":3,"href":"https:\/\/www.caririemacao.com\/1\/wp-json\/wp\/v2\/posts\/134058\/revisions"}],"predecessor-version":[{"id":134065,"href":"https:\/\/www.caririemacao.com\/1\/wp-json\/wp\/v2\/posts\/134058\/revisions\/134065"}],"wp:featuredmedia":[{"embeddable":true,"href":"https:\/\/www.caririemacao.com\/1\/wp-json\/wp\/v2\/media\/134061"}],"wp:attachment":[{"href":"https:\/\/www.caririemacao.com\/1\/wp-json\/wp\/v2\/media?parent=134058"}],"wp:term":[{"taxonomy":"category","embeddable":true,"href":"https:\/\/www.caririemacao.com\/1\/wp-json\/wp\/v2\/categories?post=134058"},{"taxonomy":"post_tag","embeddable":true,"href":"https:\/\/www.caririemacao.com\/1\/wp-json\/wp\/v2\/tags?post=134058"}],"curies":[{"name":"wp","href":"https:\/\/api.w.org\/{rel}","templated":true}]}}