{"id":134072,"date":"2019-11-10T19:06:35","date_gmt":"2019-11-10T22:06:35","guid":{"rendered":"http:\/\/www.caririemacao.com\/1\/?p=134072"},"modified":"2019-11-10T19:06:35","modified_gmt":"2019-11-10T22:06:35","slug":"morre-2a-vitima-de-acidente-com-triciclo-no-cariri","status":"publish","type":"post","link":"https:\/\/www.caririemacao.com\/1\/2019\/11\/10\/morre-2a-vitima-de-acidente-com-triciclo-no-cariri\/","title":{"rendered":"Morre 2\u00aa v\u00edtima de acidente com triciclo no Cariri"},"content":{"rendered":"\n<p>Acabou de falecer a segunda v\u00edtima de um acidente envolvendo um triciclo na manh\u00e3 deste domingo (10), no Cariri paraibano.<\/p>\n\n\n\n<p>A v\u00edtima tinha sido transferido de helic\u00f3ptero para o Hospital de Emerg\u00eancia e Trauma de Campina Grande com vida, mas n\u00e3o resistiu aos ferimentos e veio a \u00f3bito ap\u00f3s uma parada card\u00edaca.<\/p>\n\n\n\n<p>Ele era o condutor do triciclo, que perdeu o controle da dire\u00e7\u00e3o ap\u00f3s cair em buraco na estrada que liga a BR-412 \u00e0 cidade de Prata, e desceu uma ribanceira.<\/p>\n\n\n\n<p>O banc\u00e1rio aposentado Lourival Quintino da Silva, tinha 75 anos<br>A esposa da v\u00edtima morreu no local.<\/p>\n\n\n\n<p><br>HORA1PB <\/p>\n","protected":false},"excerpt":{"rendered":"<p>Acabou de falecer a segunda v\u00edtima de um acidente envolvendo um triciclo na manh\u00e3 deste domingo (10), no Cariri paraibano. A v\u00edtima tinha sido transferido&hellip; <\/p>\n","protected":false},"author":2,"featured_media":134073,"comment_status":"closed","ping_status":"closed","sticky":false,"template":"","format":"standard","meta":{"sfsi_plus_gutenberg_text_before_share":"","sfsi_plus_gutenberg_show_text_before_share":"","sfsi_plus_gutenberg_icon_type":"","sfsi_plus_gutenberg_icon_alignemt":"","sfsi_plus_gutenburg_max_per_row":"","footnotes":""},"categories":[50,2],"tags":[],"class_list":["post-134072","post","type-post","status-publish","format-standard","has-post-thumbnail","hentry","category-destaque","category-geral"],"_links":{"self":[{"href":"https:\/\/www.caririemacao.com\/1\/wp-json\/wp\/v2\/posts\/134072","targetHints":{"allow":["GET"]}}],"collection":[{"href":"https:\/\/www.caririemacao.com\/1\/wp-json\/wp\/v2\/posts"}],"about":[{"href":"https:\/\/www.caririemacao.com\/1\/wp-json\/wp\/v2\/types\/post"}],"author":[{"embeddable":true,"href":"https:\/\/www.caririemacao.com\/1\/wp-json\/wp\/v2\/users\/2"}],"replies":[{"embeddable":true,"href":"https:\/\/www.caririemacao.com\/1\/wp-json\/wp\/v2\/comments?post=134072"}],"version-history":[{"count":1,"href":"https:\/\/www.caririemacao.com\/1\/wp-json\/wp\/v2\/posts\/134072\/revisions"}],"predecessor-version":[{"id":134074,"href":"https:\/\/www.caririemacao.com\/1\/wp-json\/wp\/v2\/posts\/134072\/revisions\/134074"}],"wp:featuredmedia":[{"embeddable":true,"href":"https:\/\/www.caririemacao.com\/1\/wp-json\/wp\/v2\/media\/134073"}],"wp:attachment":[{"href":"https:\/\/www.caririemacao.com\/1\/wp-json\/wp\/v2\/media?parent=134072"}],"wp:term":[{"taxonomy":"category","embeddable":true,"href":"https:\/\/www.caririemacao.com\/1\/wp-json\/wp\/v2\/categories?post=134072"},{"taxonomy":"post_tag","embeddable":true,"href":"https:\/\/www.caririemacao.com\/1\/wp-json\/wp\/v2\/tags?post=134072"}],"curies":[{"name":"wp","href":"https:\/\/api.w.org\/{rel}","templated":true}]}}