{"id":134076,"date":"2019-11-10T22:22:59","date_gmt":"2019-11-11T01:22:59","guid":{"rendered":"http:\/\/www.caririemacao.com\/1\/?p=134076"},"modified":"2019-11-10T22:22:59","modified_gmt":"2019-11-11T01:22:59","slug":"oposicao-de-sao-jose-do-egito-se-une-para-derrotar-situacao-em-2020","status":"publish","type":"post","link":"https:\/\/www.caririemacao.com\/1\/2019\/11\/10\/oposicao-de-sao-jose-do-egito-se-une-para-derrotar-situacao-em-2020\/","title":{"rendered":"Oposi\u00e7\u00e3o de S\u00e3o Jos\u00e9 do Egito se une para derrotar situa\u00e7\u00e3o em 2020"},"content":{"rendered":"\n<p>O Ex-deputado Z\u00e9 Marcos e o Ex-prefeito Rom\u00e9rio Guimar\u00e3es, embora achem ser natural o pr\u00e9-lan\u00e7amento de candidaturas da oposi\u00e7\u00e3o ao governo municipal de S\u00e3o Jos\u00e9 do Egito, defenderam a uni\u00e3o dos postulantes com vistas \u00e0s elei\u00e7\u00f5es de 2020, ressaltaram que o advers\u00e1rio comum da oposi\u00e7\u00e3o \u00e9 o atual prefeito Evandro Valadares. <\/p>\n\n\n\n<p>\u201cDo lado da oposi\u00e7\u00e3o, existem duas pr\u00e9-candidaturas lan\u00e7adas. A candidatura do Ex-deputado Z\u00e9 Marcos e a do Ex-prefeito Rom\u00e9rio Guimar\u00e3es, acho isso natural. Acho que primeiro tem que haver di\u00e1logo entre os partidos que fazem oposi\u00e7\u00e3o ao prefeito Evandro Valadares para se construir um bloco de oposi\u00e7\u00e3o \u00fanico, pois a chapa n\u00e3o envolve s\u00f3 a C\u00e2mara de Vereadores, e as chances de vit\u00f3ria \u00e9 muito maior se unir do que dividir\u201d \u2013 afirmou o vereador Alberto de Z\u00e9 Lol\u00f3 que foi o anfitri\u00e3o da reuni\u00e3o.<\/p>\n\n\n\n<p>J\u00e1 o vereador Alb\u00e9rico Tiago disse: \u201cO caminho da vit\u00f3ria \u00e9 unir toda a oposi\u00e7\u00e3o, todo esse grupo com um amplo di\u00e1logo entre a oposi\u00e7\u00e3o\u201d. <\/p>\n\n\n\n<p>O Ex-prefeito Rom\u00e9rio Guimar\u00e3es afirmou que: \u201cEstou pronto para defender uma candidatura da oposi\u00e7\u00e3o, n\u00e3o sou candidato de mim mesmo, serei candidato de um grupo se assim for escolhido, mas estou pronto para votar e defender uma candidatura da oposi\u00e7\u00e3o que pode ser o Ex-deputado Z\u00e9 Marcos ou qualquer outro nome\u201d \u2013 afirmou. <\/p>\n\n\n\n<p>Para o Ex-deputado Z\u00e9 Marcos a uni\u00e3o da oposi\u00e7\u00e3o ser\u00e1 o diferencial desta elei\u00e7\u00e3o, afirmou n\u00e3o haver di\u00e1logo com a situa\u00e7\u00e3o em torno do cen\u00e1rio pol\u00edtico de S\u00e3o Jos\u00e9 do Egito. \u201cEstou apto para disputar a elei\u00e7\u00e3o, n\u00e3o tem este papo de que estou velho, pois tenho disposi\u00e7\u00e3o para ir \u00e0 luta todo o tempo, mas ressalvo que precisamos da uni\u00e3o e afirmo que a oposi\u00e7\u00e3o estar\u00e1 unida para derrotar este governo que quer se perpetuar na prefeitura\u201d \u2013 afirmou.<\/p>\n\n\n\n<p>Estiveram presentes na reuni\u00e3o o ex-vereador Nen\u00e9m de Z\u00e9 Dud\u00fa, Z\u00e9 Bil\u00fa, Bal de Riacho do Meio, al\u00e9m de outras lideran\u00e7as pol\u00edticas a exemplo de: Ronaldo Muniz, Edgar Pessoa, Edu\u00edr, Nen\u00e9m de Desiderio, Dami\u00e3o P\u00e9 no Freio, Clodoaldo Lopes e o advogado Alberto Silva.<\/p>\n","protected":false},"excerpt":{"rendered":"<p>O Ex-deputado Z\u00e9 Marcos e o Ex-prefeito Rom\u00e9rio Guimar\u00e3es, embora achem ser natural o pr\u00e9-lan\u00e7amento de candidaturas da oposi\u00e7\u00e3o ao governo municipal de S\u00e3o Jos\u00e9&hellip; <\/p>\n","protected":false},"author":2,"featured_media":134077,"comment_status":"closed","ping_status":"closed","sticky":false,"template":"","format":"standard","meta":{"sfsi_plus_gutenberg_text_before_share":"","sfsi_plus_gutenberg_show_text_before_share":"","sfsi_plus_gutenberg_icon_type":"","sfsi_plus_gutenberg_icon_alignemt":"","sfsi_plus_gutenburg_max_per_row":"","footnotes":""},"categories":[50,2],"tags":[],"class_list":["post-134076","post","type-post","status-publish","format-standard","has-post-thumbnail","hentry","category-destaque","category-geral"],"_links":{"self":[{"href":"https:\/\/www.caririemacao.com\/1\/wp-json\/wp\/v2\/posts\/134076","targetHints":{"allow":["GET"]}}],"collection":[{"href":"https:\/\/www.caririemacao.com\/1\/wp-json\/wp\/v2\/posts"}],"about":[{"href":"https:\/\/www.caririemacao.com\/1\/wp-json\/wp\/v2\/types\/post"}],"author":[{"embeddable":true,"href":"https:\/\/www.caririemacao.com\/1\/wp-json\/wp\/v2\/users\/2"}],"replies":[{"embeddable":true,"href":"https:\/\/www.caririemacao.com\/1\/wp-json\/wp\/v2\/comments?post=134076"}],"version-history":[{"count":1,"href":"https:\/\/www.caririemacao.com\/1\/wp-json\/wp\/v2\/posts\/134076\/revisions"}],"predecessor-version":[{"id":134078,"href":"https:\/\/www.caririemacao.com\/1\/wp-json\/wp\/v2\/posts\/134076\/revisions\/134078"}],"wp:featuredmedia":[{"embeddable":true,"href":"https:\/\/www.caririemacao.com\/1\/wp-json\/wp\/v2\/media\/134077"}],"wp:attachment":[{"href":"https:\/\/www.caririemacao.com\/1\/wp-json\/wp\/v2\/media?parent=134076"}],"wp:term":[{"taxonomy":"category","embeddable":true,"href":"https:\/\/www.caririemacao.com\/1\/wp-json\/wp\/v2\/categories?post=134076"},{"taxonomy":"post_tag","embeddable":true,"href":"https:\/\/www.caririemacao.com\/1\/wp-json\/wp\/v2\/tags?post=134076"}],"curies":[{"name":"wp","href":"https:\/\/api.w.org\/{rel}","templated":true}]}}