{"id":134352,"date":"2019-11-11T20:30:47","date_gmt":"2019-11-11T23:30:47","guid":{"rendered":"http:\/\/www.caririemacao.com\/1\/?p=134352"},"modified":"2019-11-12T14:03:57","modified_gmt":"2019-11-12T17:03:57","slug":"monteiro-cariri-em-acao-divulga-pesquisa-do-premio-referencia-2019-confira-resultados","status":"publish","type":"post","link":"https:\/\/www.caririemacao.com\/1\/2019\/11\/11\/monteiro-cariri-em-acao-divulga-pesquisa-do-premio-referencia-2019-confira-resultados\/","title":{"rendered":"MONTEIRO: Cariri em A\u00e7\u00e3o divulga pesquisa do PR\u00caMIO REFER\u00caNCIA 2019; CONFIRA RESULTADOS"},"content":{"rendered":"\n<p>Foram 24 cidades da Para\u00edba e Pernambuco. \u00c9 hora de conhecer\nas refer\u00eancias. Confira abaixo os resultados da cidade de <strong>MONTEIRO<\/strong>.<\/p>\n\n\n\n<p>Cerim\u00f4nia de Premia\u00e7\u00e3o dia 07 de dezembro na cidade de\nMonteiro\/PB. Maiores informa\u00e7\u00f5es (83) 99634.5791.<\/p>\n\n\n\n<p>Pr\u00eamio Refer\u00eancia 2019 \u2013 mais que um pr\u00eamio, um incentivo as\nRefer\u00eancias da regi\u00e3o!!! Uma realiza\u00e7\u00e3o Cariri em A\u00e7\u00e3o.<\/p>\n\n\n\n<p><strong>CONFIRA OS RESULTADOS<\/strong><\/p>\n\n\n\n<figure class=\"wp-block-image\"><img fetchpriority=\"high\" decoding=\"async\" width=\"1024\" height=\"1024\" src=\"http:\/\/www.caririemacao.com\/1\/wp-content\/uploads\/2019\/11\/MONTEIRO-EMPRESAS-1024x1024.jpg\" alt=\"\" class=\"wp-image-134353\" srcset=\"https:\/\/www.caririemacao.com\/1\/wp-content\/uploads\/2019\/11\/MONTEIRO-EMPRESAS-1024x1024.jpg 1024w, https:\/\/www.caririemacao.com\/1\/wp-content\/uploads\/2019\/11\/MONTEIRO-EMPRESAS-150x150.jpg 150w, https:\/\/www.caririemacao.com\/1\/wp-content\/uploads\/2019\/11\/MONTEIRO-EMPRESAS-300x300.jpg 300w, https:\/\/www.caririemacao.com\/1\/wp-content\/uploads\/2019\/11\/MONTEIRO-EMPRESAS-768x768.jpg 768w, https:\/\/www.caririemacao.com\/1\/wp-content\/uploads\/2019\/11\/MONTEIRO-EMPRESAS.jpg 1080w\" sizes=\"(max-width: 1024px) 100vw, 1024px\" \/><\/figure>\n\n\n\n<figure class=\"wp-block-image\"><img decoding=\"async\" width=\"1024\" height=\"1024\" data-src=\"http:\/\/www.caririemacao.com\/1\/wp-content\/uploads\/2019\/11\/MONTEIRO-EMPRESAS2-1024x1024.jpg\" alt=\"\" class=\"wp-image-134354 lazyload\" data-srcset=\"https:\/\/www.caririemacao.com\/1\/wp-content\/uploads\/2019\/11\/MONTEIRO-EMPRESAS2-1024x1024.jpg 1024w, https:\/\/www.caririemacao.com\/1\/wp-content\/uploads\/2019\/11\/MONTEIRO-EMPRESAS2-150x150.jpg 150w, https:\/\/www.caririemacao.com\/1\/wp-content\/uploads\/2019\/11\/MONTEIRO-EMPRESAS2-300x300.jpg 300w, https:\/\/www.caririemacao.com\/1\/wp-content\/uploads\/2019\/11\/MONTEIRO-EMPRESAS2-768x768.jpg 768w, https:\/\/www.caririemacao.com\/1\/wp-content\/uploads\/2019\/11\/MONTEIRO-EMPRESAS2.jpg 1080w\" data-sizes=\"(max-width: 1024px) 100vw, 1024px\" src=\"data:image\/svg+xml;base64,PHN2ZyB3aWR0aD0iMSIgaGVpZ2h0PSIxIiB4bWxucz0iaHR0cDovL3d3dy53My5vcmcvMjAwMC9zdmciPjwvc3ZnPg==\" style=\"--smush-placeholder-width: 1024px; --smush-placeholder-aspect-ratio: 1024\/1024;\" \/><\/figure>\n\n\n\n<figure class=\"wp-block-image\"><img decoding=\"async\" width=\"1024\" height=\"1024\" data-src=\"http:\/\/www.caririemacao.com\/1\/wp-content\/uploads\/2019\/11\/MONTEIRO-CID_SEC_VER_DEP-1024x1024.jpg\" alt=\"\" class=\"wp-image-134355 lazyload\" data-srcset=\"https:\/\/www.caririemacao.com\/1\/wp-content\/uploads\/2019\/11\/MONTEIRO-CID_SEC_VER_DEP-1024x1024.jpg 1024w, https:\/\/www.caririemacao.com\/1\/wp-content\/uploads\/2019\/11\/MONTEIRO-CID_SEC_VER_DEP-150x150.jpg 150w, https:\/\/www.caririemacao.com\/1\/wp-content\/uploads\/2019\/11\/MONTEIRO-CID_SEC_VER_DEP-300x300.jpg 300w, https:\/\/www.caririemacao.com\/1\/wp-content\/uploads\/2019\/11\/MONTEIRO-CID_SEC_VER_DEP-768x768.jpg 768w, https:\/\/www.caririemacao.com\/1\/wp-content\/uploads\/2019\/11\/MONTEIRO-CID_SEC_VER_DEP.jpg 1080w\" data-sizes=\"(max-width: 1024px) 100vw, 1024px\" src=\"data:image\/svg+xml;base64,PHN2ZyB3aWR0aD0iMSIgaGVpZ2h0PSIxIiB4bWxucz0iaHR0cDovL3d3dy53My5vcmcvMjAwMC9zdmciPjwvc3ZnPg==\" style=\"--smush-placeholder-width: 1024px; --smush-placeholder-aspect-ratio: 1024\/1024;\" \/><\/figure>\n\n\n\n<figure class=\"wp-block-image\"><img decoding=\"async\" width=\"679\" height=\"432\" data-src=\"http:\/\/www.caririemacao.com\/1\/wp-content\/uploads\/2019\/11\/MONTEIRO-PREFEITO.jpg\" alt=\"\" class=\"wp-image-134356 lazyload\" data-srcset=\"https:\/\/www.caririemacao.com\/1\/wp-content\/uploads\/2019\/11\/MONTEIRO-PREFEITO.jpg 679w, https:\/\/www.caririemacao.com\/1\/wp-content\/uploads\/2019\/11\/MONTEIRO-PREFEITO-300x191.jpg 300w\" data-sizes=\"(max-width: 679px) 100vw, 679px\" src=\"data:image\/svg+xml;base64,PHN2ZyB3aWR0aD0iMSIgaGVpZ2h0PSIxIiB4bWxucz0iaHR0cDovL3d3dy53My5vcmcvMjAwMC9zdmciPjwvc3ZnPg==\" style=\"--smush-placeholder-width: 679px; --smush-placeholder-aspect-ratio: 679\/432;\" \/><\/figure>\n\n\n\n<figure class=\"wp-block-image\"><img decoding=\"async\" width=\"900\" height=\"578\" data-src=\"http:\/\/www.caririemacao.com\/1\/wp-content\/uploads\/2019\/11\/MONTEIRO-VICE-PREFEITO.jpg\" alt=\"\" class=\"wp-image-134636 lazyload\" data-srcset=\"https:\/\/www.caririemacao.com\/1\/wp-content\/uploads\/2019\/11\/MONTEIRO-VICE-PREFEITO.jpg 900w, https:\/\/www.caririemacao.com\/1\/wp-content\/uploads\/2019\/11\/MONTEIRO-VICE-PREFEITO-300x193.jpg 300w, https:\/\/www.caririemacao.com\/1\/wp-content\/uploads\/2019\/11\/MONTEIRO-VICE-PREFEITO-768x493.jpg 768w\" data-sizes=\"(max-width: 900px) 100vw, 900px\" src=\"data:image\/svg+xml;base64,PHN2ZyB3aWR0aD0iMSIgaGVpZ2h0PSIxIiB4bWxucz0iaHR0cDovL3d3dy53My5vcmcvMjAwMC9zdmciPjwvc3ZnPg==\" style=\"--smush-placeholder-width: 900px; --smush-placeholder-aspect-ratio: 900\/578;\" \/><\/figure>\n\n\n\n<figure class=\"wp-block-image\"><img decoding=\"async\" width=\"842\" height=\"701\" data-src=\"http:\/\/www.caririemacao.com\/1\/wp-content\/uploads\/2019\/11\/Monteiro_Grupo_Pol\u00edtico.jpg\" alt=\"\" class=\"wp-image-134357 lazyload\" data-srcset=\"https:\/\/www.caririemacao.com\/1\/wp-content\/uploads\/2019\/11\/Monteiro_Grupo_Pol\u00edtico.jpg 842w, https:\/\/www.caririemacao.com\/1\/wp-content\/uploads\/2019\/11\/Monteiro_Grupo_Pol\u00edtico-300x250.jpg 300w, https:\/\/www.caririemacao.com\/1\/wp-content\/uploads\/2019\/11\/Monteiro_Grupo_Pol\u00edtico-768x639.jpg 768w\" data-sizes=\"(max-width: 842px) 100vw, 842px\" src=\"data:image\/svg+xml;base64,PHN2ZyB3aWR0aD0iMSIgaGVpZ2h0PSIxIiB4bWxucz0iaHR0cDovL3d3dy53My5vcmcvMjAwMC9zdmciPjwvc3ZnPg==\" style=\"--smush-placeholder-width: 842px; --smush-placeholder-aspect-ratio: 842\/701;\" \/><\/figure>\n\n\n\n<figure class=\"wp-block-image\"><img decoding=\"async\" width=\"1009\" height=\"898\" data-src=\"http:\/\/www.caririemacao.com\/1\/wp-content\/uploads\/2019\/11\/Monteiro-Vereador-Estimulada-votaria.jpg\" alt=\"\" class=\"wp-image-134358 lazyload\" data-srcset=\"https:\/\/www.caririemacao.com\/1\/wp-content\/uploads\/2019\/11\/Monteiro-Vereador-Estimulada-votaria.jpg 1009w, https:\/\/www.caririemacao.com\/1\/wp-content\/uploads\/2019\/11\/Monteiro-Vereador-Estimulada-votaria-300x267.jpg 300w, https:\/\/www.caririemacao.com\/1\/wp-content\/uploads\/2019\/11\/Monteiro-Vereador-Estimulada-votaria-768x684.jpg 768w\" data-sizes=\"(max-width: 1009px) 100vw, 1009px\" src=\"data:image\/svg+xml;base64,PHN2ZyB3aWR0aD0iMSIgaGVpZ2h0PSIxIiB4bWxucz0iaHR0cDovL3d3dy53My5vcmcvMjAwMC9zdmciPjwvc3ZnPg==\" style=\"--smush-placeholder-width: 1009px; --smush-placeholder-aspect-ratio: 1009\/898;\" \/><\/figure>\n\n\n\n<figure class=\"wp-block-image\"><img decoding=\"async\" width=\"980\" height=\"733\" data-src=\"http:\/\/www.caririemacao.com\/1\/wp-content\/uploads\/2019\/11\/monteiro-Prefeito-estimulada-votaria.jpg\" alt=\"\" class=\"wp-image-134361 lazyload\" data-srcset=\"https:\/\/www.caririemacao.com\/1\/wp-content\/uploads\/2019\/11\/monteiro-Prefeito-estimulada-votaria.jpg 980w, https:\/\/www.caririemacao.com\/1\/wp-content\/uploads\/2019\/11\/monteiro-Prefeito-estimulada-votaria-300x224.jpg 300w, https:\/\/www.caririemacao.com\/1\/wp-content\/uploads\/2019\/11\/monteiro-Prefeito-estimulada-votaria-768x574.jpg 768w\" data-sizes=\"(max-width: 980px) 100vw, 980px\" src=\"data:image\/svg+xml;base64,PHN2ZyB3aWR0aD0iMSIgaGVpZ2h0PSIxIiB4bWxucz0iaHR0cDovL3d3dy53My5vcmcvMjAwMC9zdmciPjwvc3ZnPg==\" style=\"--smush-placeholder-width: 980px; --smush-placeholder-aspect-ratio: 980\/733;\" \/><\/figure>\n\n\n\n<figure class=\"wp-block-image\"><img decoding=\"async\" width=\"867\" height=\"766\" data-src=\"http:\/\/www.caririemacao.com\/1\/wp-content\/uploads\/2019\/11\/MOC63C1-1.jpg\" alt=\"\" class=\"wp-image-134362 lazyload\" data-srcset=\"https:\/\/www.caririemacao.com\/1\/wp-content\/uploads\/2019\/11\/MOC63C1-1.jpg 867w, https:\/\/www.caririemacao.com\/1\/wp-content\/uploads\/2019\/11\/MOC63C1-1-300x265.jpg 300w, https:\/\/www.caririemacao.com\/1\/wp-content\/uploads\/2019\/11\/MOC63C1-1-768x679.jpg 768w\" data-sizes=\"(max-width: 867px) 100vw, 867px\" src=\"data:image\/svg+xml;base64,PHN2ZyB3aWR0aD0iMSIgaGVpZ2h0PSIxIiB4bWxucz0iaHR0cDovL3d3dy53My5vcmcvMjAwMC9zdmciPjwvc3ZnPg==\" style=\"--smush-placeholder-width: 867px; --smush-placeholder-aspect-ratio: 867\/766;\" \/><\/figure>\n","protected":false},"excerpt":{"rendered":"<p>Foram 24 cidades da Para\u00edba e Pernambuco. \u00c9 hora de conhecer as refer\u00eancias. Confira abaixo os resultados da cidade de MONTEIRO. Cerim\u00f4nia de Premia\u00e7\u00e3o dia&hellip; <\/p>\n","protected":false},"author":2,"featured_media":134363,"comment_status":"closed","ping_status":"closed","sticky":false,"template":"","format":"standard","meta":{"sfsi_plus_gutenberg_text_before_share":"","sfsi_plus_gutenberg_show_text_before_share":"","sfsi_plus_gutenberg_icon_type":"","sfsi_plus_gutenberg_icon_alignemt":"","sfsi_plus_gutenburg_max_per_row":"","footnotes":""},"categories":[6,66],"tags":[],"class_list":["post-134352","post","type-post","status-publish","format-standard","has-post-thumbnail","hentry","category-cidades","category-premio-referencia-2019"],"_links":{"self":[{"href":"https:\/\/www.caririemacao.com\/1\/wp-json\/wp\/v2\/posts\/134352","targetHints":{"allow":["GET"]}}],"collection":[{"href":"https:\/\/www.caririemacao.com\/1\/wp-json\/wp\/v2\/posts"}],"about":[{"href":"https:\/\/www.caririemacao.com\/1\/wp-json\/wp\/v2\/types\/post"}],"author":[{"embeddable":true,"href":"https:\/\/www.caririemacao.com\/1\/wp-json\/wp\/v2\/users\/2"}],"replies":[{"embeddable":true,"href":"https:\/\/www.caririemacao.com\/1\/wp-json\/wp\/v2\/comments?post=134352"}],"version-history":[{"count":2,"href":"https:\/\/www.caririemacao.com\/1\/wp-json\/wp\/v2\/posts\/134352\/revisions"}],"predecessor-version":[{"id":134637,"href":"https:\/\/www.caririemacao.com\/1\/wp-json\/wp\/v2\/posts\/134352\/revisions\/134637"}],"wp:featuredmedia":[{"embeddable":true,"href":"https:\/\/www.caririemacao.com\/1\/wp-json\/wp\/v2\/media\/134363"}],"wp:attachment":[{"href":"https:\/\/www.caririemacao.com\/1\/wp-json\/wp\/v2\/media?parent=134352"}],"wp:term":[{"taxonomy":"category","embeddable":true,"href":"https:\/\/www.caririemacao.com\/1\/wp-json\/wp\/v2\/categories?post=134352"},{"taxonomy":"post_tag","embeddable":true,"href":"https:\/\/www.caririemacao.com\/1\/wp-json\/wp\/v2\/tags?post=134352"}],"curies":[{"name":"wp","href":"https:\/\/api.w.org\/{rel}","templated":true}]}}