{"id":134385,"date":"2019-11-11T20:35:37","date_gmt":"2019-11-11T23:35:37","guid":{"rendered":"http:\/\/www.caririemacao.com\/1\/?p=134385"},"modified":"2019-11-13T12:00:32","modified_gmt":"2019-11-13T15:00:32","slug":"prata-cariri-em-acao-divulga-pesquisa-do-premio-referencia-2019-confira-resultados","status":"publish","type":"post","link":"https:\/\/www.caririemacao.com\/1\/2019\/11\/11\/prata-cariri-em-acao-divulga-pesquisa-do-premio-referencia-2019-confira-resultados\/","title":{"rendered":"PRATA: Cariri em A\u00e7\u00e3o divulga pesquisa do PR\u00caMIO REFER\u00caNCIA 2019; CONFIRA RESULTADOS"},"content":{"rendered":"\n<p>Foram 24 cidades da Para\u00edba e Pernambuco. \u00c9 hora de conhecer\nas refer\u00eancias. Confira abaixo os resultados da cidade de <strong>PRATA<\/strong>.<\/p>\n\n\n\n<p>Cerim\u00f4nia de Premia\u00e7\u00e3o dia 07 de dezembro na cidade de\nMonteiro\/PB. Maiores informa\u00e7\u00f5es (83) 99634.5791.<\/p>\n\n\n\n<p>Pr\u00eamio Refer\u00eancia 2019 \u2013 mais que um pr\u00eamio, um incentivo as\nRefer\u00eancias da regi\u00e3o!!! Uma realiza\u00e7\u00e3o Cariri em A\u00e7\u00e3o.<\/p>\n\n\n\n<p><strong>CONFIRA OS RESULTADOS<\/strong><\/p>\n\n\n\n<figure class=\"wp-block-image\"><img fetchpriority=\"high\" decoding=\"async\" width=\"1024\" height=\"1024\" src=\"http:\/\/www.caririemacao.com\/1\/wp-content\/uploads\/2019\/11\/PRATA-EMPRESAS-1-1024x1024.jpg\" alt=\"\" class=\"wp-image-134955\" srcset=\"https:\/\/www.caririemacao.com\/1\/wp-content\/uploads\/2019\/11\/PRATA-EMPRESAS-1-1024x1024.jpg 1024w, https:\/\/www.caririemacao.com\/1\/wp-content\/uploads\/2019\/11\/PRATA-EMPRESAS-1-150x150.jpg 150w, https:\/\/www.caririemacao.com\/1\/wp-content\/uploads\/2019\/11\/PRATA-EMPRESAS-1-300x300.jpg 300w, https:\/\/www.caririemacao.com\/1\/wp-content\/uploads\/2019\/11\/PRATA-EMPRESAS-1-768x768.jpg 768w, https:\/\/www.caririemacao.com\/1\/wp-content\/uploads\/2019\/11\/PRATA-EMPRESAS-1.jpg 1080w\" sizes=\"(max-width: 1024px) 100vw, 1024px\" \/><\/figure>\n\n\n\n<figure class=\"wp-block-image\"><img decoding=\"async\" width=\"1024\" height=\"1024\" data-src=\"http:\/\/www.caririemacao.com\/1\/wp-content\/uploads\/2019\/11\/PRATA-CID_SEC_VER_DEP-1024x1024.jpg\" alt=\"\" class=\"wp-image-134386 lazyload\" data-srcset=\"https:\/\/www.caririemacao.com\/1\/wp-content\/uploads\/2019\/11\/PRATA-CID_SEC_VER_DEP-1024x1024.jpg 1024w, https:\/\/www.caririemacao.com\/1\/wp-content\/uploads\/2019\/11\/PRATA-CID_SEC_VER_DEP-150x150.jpg 150w, https:\/\/www.caririemacao.com\/1\/wp-content\/uploads\/2019\/11\/PRATA-CID_SEC_VER_DEP-300x300.jpg 300w, https:\/\/www.caririemacao.com\/1\/wp-content\/uploads\/2019\/11\/PRATA-CID_SEC_VER_DEP-768x768.jpg 768w, https:\/\/www.caririemacao.com\/1\/wp-content\/uploads\/2019\/11\/PRATA-CID_SEC_VER_DEP.jpg 1080w\" data-sizes=\"(max-width: 1024px) 100vw, 1024px\" src=\"data:image\/svg+xml;base64,PHN2ZyB3aWR0aD0iMSIgaGVpZ2h0PSIxIiB4bWxucz0iaHR0cDovL3d3dy53My5vcmcvMjAwMC9zdmciPjwvc3ZnPg==\" style=\"--smush-placeholder-width: 1024px; --smush-placeholder-aspect-ratio: 1024\/1024;\" \/><\/figure>\n\n\n\n<figure class=\"wp-block-image\"><img decoding=\"async\" width=\"697\" height=\"434\" data-src=\"http:\/\/www.caririemacao.com\/1\/wp-content\/uploads\/2019\/11\/PRATA-PREFEITO.jpg\" alt=\"\" class=\"wp-image-134387 lazyload\" data-srcset=\"https:\/\/www.caririemacao.com\/1\/wp-content\/uploads\/2019\/11\/PRATA-PREFEITO.jpg 697w, https:\/\/www.caririemacao.com\/1\/wp-content\/uploads\/2019\/11\/PRATA-PREFEITO-300x187.jpg 300w\" data-sizes=\"(max-width: 697px) 100vw, 697px\" src=\"data:image\/svg+xml;base64,PHN2ZyB3aWR0aD0iMSIgaGVpZ2h0PSIxIiB4bWxucz0iaHR0cDovL3d3dy53My5vcmcvMjAwMC9zdmciPjwvc3ZnPg==\" style=\"--smush-placeholder-width: 697px; --smush-placeholder-aspect-ratio: 697\/434;\" \/><\/figure>\n\n\n\n<figure class=\"wp-block-image\"><img decoding=\"async\" width=\"1019\" height=\"586\" data-src=\"http:\/\/www.caririemacao.com\/1\/wp-content\/uploads\/2019\/11\/PRATA-vice-prefeito.png\" alt=\"\" class=\"wp-image-134388 lazyload\" data-srcset=\"https:\/\/www.caririemacao.com\/1\/wp-content\/uploads\/2019\/11\/PRATA-vice-prefeito.png 1019w, https:\/\/www.caririemacao.com\/1\/wp-content\/uploads\/2019\/11\/PRATA-vice-prefeito-300x173.png 300w, https:\/\/www.caririemacao.com\/1\/wp-content\/uploads\/2019\/11\/PRATA-vice-prefeito-768x442.png 768w\" data-sizes=\"(max-width: 1019px) 100vw, 1019px\" src=\"data:image\/svg+xml;base64,PHN2ZyB3aWR0aD0iMSIgaGVpZ2h0PSIxIiB4bWxucz0iaHR0cDovL3d3dy53My5vcmcvMjAwMC9zdmciPjwvc3ZnPg==\" style=\"--smush-placeholder-width: 1019px; --smush-placeholder-aspect-ratio: 1019\/586;\" \/><\/figure>\n\n\n\n<figure class=\"wp-block-image\"><img decoding=\"async\" width=\"900\" height=\"712\" data-src=\"http:\/\/www.caririemacao.com\/1\/wp-content\/uploads\/2019\/11\/Prata_Grupo_Pol\u00edtico.jpg\" alt=\"\" class=\"wp-image-134389 lazyload\" data-srcset=\"https:\/\/www.caririemacao.com\/1\/wp-content\/uploads\/2019\/11\/Prata_Grupo_Pol\u00edtico.jpg 900w, https:\/\/www.caririemacao.com\/1\/wp-content\/uploads\/2019\/11\/Prata_Grupo_Pol\u00edtico-300x237.jpg 300w, https:\/\/www.caririemacao.com\/1\/wp-content\/uploads\/2019\/11\/Prata_Grupo_Pol\u00edtico-768x608.jpg 768w\" data-sizes=\"(max-width: 900px) 100vw, 900px\" src=\"data:image\/svg+xml;base64,PHN2ZyB3aWR0aD0iMSIgaGVpZ2h0PSIxIiB4bWxucz0iaHR0cDovL3d3dy53My5vcmcvMjAwMC9zdmciPjwvc3ZnPg==\" style=\"--smush-placeholder-width: 900px; --smush-placeholder-aspect-ratio: 900\/712;\" \/><\/figure>\n\n\n\n<figure class=\"wp-block-image\"><img decoding=\"async\" width=\"999\" height=\"732\" data-src=\"http:\/\/www.caririemacao.com\/1\/wp-content\/uploads\/2019\/11\/Prata-Vereador-Estimulada-votaria.jpg\" alt=\"\" class=\"wp-image-134390 lazyload\" data-srcset=\"https:\/\/www.caririemacao.com\/1\/wp-content\/uploads\/2019\/11\/Prata-Vereador-Estimulada-votaria.jpg 999w, https:\/\/www.caririemacao.com\/1\/wp-content\/uploads\/2019\/11\/Prata-Vereador-Estimulada-votaria-300x220.jpg 300w, https:\/\/www.caririemacao.com\/1\/wp-content\/uploads\/2019\/11\/Prata-Vereador-Estimulada-votaria-768x563.jpg 768w\" data-sizes=\"(max-width: 999px) 100vw, 999px\" src=\"data:image\/svg+xml;base64,PHN2ZyB3aWR0aD0iMSIgaGVpZ2h0PSIxIiB4bWxucz0iaHR0cDovL3d3dy53My5vcmcvMjAwMC9zdmciPjwvc3ZnPg==\" style=\"--smush-placeholder-width: 999px; --smush-placeholder-aspect-ratio: 999\/732;\" \/><\/figure>\n\n\n\n<figure class=\"wp-block-image\"><img decoding=\"async\" width=\"981\" height=\"944\" data-src=\"http:\/\/www.caririemacao.com\/1\/wp-content\/uploads\/2019\/11\/Prata-Vereador-Estimulada-n\u00e3o-Votaria.jpg\" alt=\"\" class=\"wp-image-134391 lazyload\" data-srcset=\"https:\/\/www.caririemacao.com\/1\/wp-content\/uploads\/2019\/11\/Prata-Vereador-Estimulada-n\u00e3o-Votaria.jpg 981w, https:\/\/www.caririemacao.com\/1\/wp-content\/uploads\/2019\/11\/Prata-Vereador-Estimulada-n\u00e3o-Votaria-300x289.jpg 300w, https:\/\/www.caririemacao.com\/1\/wp-content\/uploads\/2019\/11\/Prata-Vereador-Estimulada-n\u00e3o-Votaria-768x739.jpg 768w\" data-sizes=\"(max-width: 981px) 100vw, 981px\" src=\"data:image\/svg+xml;base64,PHN2ZyB3aWR0aD0iMSIgaGVpZ2h0PSIxIiB4bWxucz0iaHR0cDovL3d3dy53My5vcmcvMjAwMC9zdmciPjwvc3ZnPg==\" style=\"--smush-placeholder-width: 981px; --smush-placeholder-aspect-ratio: 981\/944;\" \/><\/figure>\n\n\n\n<figure class=\"wp-block-image\"><img decoding=\"async\" width=\"943\" height=\"699\" data-src=\"http:\/\/www.caririemacao.com\/1\/wp-content\/uploads\/2019\/11\/Prata-Prefeito-estimulada-votaria.jpg\" alt=\"\" class=\"wp-image-134392 lazyload\" data-srcset=\"https:\/\/www.caririemacao.com\/1\/wp-content\/uploads\/2019\/11\/Prata-Prefeito-estimulada-votaria.jpg 943w, https:\/\/www.caririemacao.com\/1\/wp-content\/uploads\/2019\/11\/Prata-Prefeito-estimulada-votaria-300x222.jpg 300w, https:\/\/www.caririemacao.com\/1\/wp-content\/uploads\/2019\/11\/Prata-Prefeito-estimulada-votaria-768x569.jpg 768w\" data-sizes=\"(max-width: 943px) 100vw, 943px\" src=\"data:image\/svg+xml;base64,PHN2ZyB3aWR0aD0iMSIgaGVpZ2h0PSIxIiB4bWxucz0iaHR0cDovL3d3dy53My5vcmcvMjAwMC9zdmciPjwvc3ZnPg==\" style=\"--smush-placeholder-width: 943px; --smush-placeholder-aspect-ratio: 943\/699;\" \/><\/figure>\n\n\n\n<figure class=\"wp-block-image\"><img decoding=\"async\" width=\"889\" height=\"680\" data-src=\"http:\/\/www.caririemacao.com\/1\/wp-content\/uploads\/2019\/11\/Prata-prefeito-estimulada-n\u00e3o-votaria.jpg\" alt=\"\" class=\"wp-image-134393 lazyload\" data-srcset=\"https:\/\/www.caririemacao.com\/1\/wp-content\/uploads\/2019\/11\/Prata-prefeito-estimulada-n\u00e3o-votaria.jpg 889w, https:\/\/www.caririemacao.com\/1\/wp-content\/uploads\/2019\/11\/Prata-prefeito-estimulada-n\u00e3o-votaria-300x229.jpg 300w, https:\/\/www.caririemacao.com\/1\/wp-content\/uploads\/2019\/11\/Prata-prefeito-estimulada-n\u00e3o-votaria-768x587.jpg 768w\" data-sizes=\"(max-width: 889px) 100vw, 889px\" src=\"data:image\/svg+xml;base64,PHN2ZyB3aWR0aD0iMSIgaGVpZ2h0PSIxIiB4bWxucz0iaHR0cDovL3d3dy53My5vcmcvMjAwMC9zdmciPjwvc3ZnPg==\" style=\"--smush-placeholder-width: 889px; --smush-placeholder-aspect-ratio: 889\/680;\" \/><\/figure>\n","protected":false},"excerpt":{"rendered":"<p>Foram 24 cidades da Para\u00edba e Pernambuco. \u00c9 hora de conhecer as refer\u00eancias. Confira abaixo os resultados da cidade de PRATA. Cerim\u00f4nia de Premia\u00e7\u00e3o dia&hellip; <\/p>\n","protected":false},"author":2,"featured_media":27792,"comment_status":"closed","ping_status":"closed","sticky":false,"template":"","format":"standard","meta":{"sfsi_plus_gutenberg_text_before_share":"","sfsi_plus_gutenberg_show_text_before_share":"","sfsi_plus_gutenberg_icon_type":"","sfsi_plus_gutenberg_icon_alignemt":"","sfsi_plus_gutenburg_max_per_row":"","footnotes":""},"categories":[11,66],"tags":[],"class_list":["post-134385","post","type-post","status-publish","format-standard","has-post-thumbnail","hentry","category-politica","category-premio-referencia-2019"],"_links":{"self":[{"href":"https:\/\/www.caririemacao.com\/1\/wp-json\/wp\/v2\/posts\/134385","targetHints":{"allow":["GET"]}}],"collection":[{"href":"https:\/\/www.caririemacao.com\/1\/wp-json\/wp\/v2\/posts"}],"about":[{"href":"https:\/\/www.caririemacao.com\/1\/wp-json\/wp\/v2\/types\/post"}],"author":[{"embeddable":true,"href":"https:\/\/www.caririemacao.com\/1\/wp-json\/wp\/v2\/users\/2"}],"replies":[{"embeddable":true,"href":"https:\/\/www.caririemacao.com\/1\/wp-json\/wp\/v2\/comments?post=134385"}],"version-history":[{"count":4,"href":"https:\/\/www.caririemacao.com\/1\/wp-json\/wp\/v2\/posts\/134385\/revisions"}],"predecessor-version":[{"id":134956,"href":"https:\/\/www.caririemacao.com\/1\/wp-json\/wp\/v2\/posts\/134385\/revisions\/134956"}],"wp:featuredmedia":[{"embeddable":true,"href":"https:\/\/www.caririemacao.com\/1\/wp-json\/wp\/v2\/media\/27792"}],"wp:attachment":[{"href":"https:\/\/www.caririemacao.com\/1\/wp-json\/wp\/v2\/media?parent=134385"}],"wp:term":[{"taxonomy":"category","embeddable":true,"href":"https:\/\/www.caririemacao.com\/1\/wp-json\/wp\/v2\/categories?post=134385"},{"taxonomy":"post_tag","embeddable":true,"href":"https:\/\/www.caririemacao.com\/1\/wp-json\/wp\/v2\/tags?post=134385"}],"curies":[{"name":"wp","href":"https:\/\/api.w.org\/{rel}","templated":true}]}}