{"id":134501,"date":"2019-11-12T08:42:42","date_gmt":"2019-11-12T11:42:42","guid":{"rendered":"http:\/\/www.caririemacao.com\/1\/?p=134501"},"modified":"2019-11-12T09:32:20","modified_gmt":"2019-11-12T12:32:20","slug":"prefeito-adriano-wolff-venceria-luiz-filho-por-62-a-27-aponta-pesquisa-em-ssu","status":"publish","type":"post","link":"https:\/\/www.caririemacao.com\/1\/2019\/11\/12\/prefeito-adriano-wolff-venceria-luiz-filho-por-62-a-27-aponta-pesquisa-em-ssu\/","title":{"rendered":"Prefeito Adriano Wolff venceria Luiz Filho por 62% a 27% aponta pesquisa em SSU"},"content":{"rendered":"\n<p>Os n\u00fameros da pesquisa CARIRI EM A\u00c7\u00c3O divulgados na noite desta segunda, 11, comprovam que caso as elei\u00e7\u00f5es fossem hoje, o Prefeito&nbsp;&nbsp;de SS do Umbuzeiro Adriano Wolff venceria o poss\u00edvel candidato da oposi\u00e7\u00e3o citado Luis Filho, com 35% de vantagem.<br>Os n\u00fameros surgiram de pesquisa feita junto \u00e0 popula\u00e7\u00e3o pelo site para dentro do PREMIO REFERENCIA 2019.<strong><br><\/strong><strong>Na estimulada:<\/strong><strong><br><\/strong><\/p>\n\n\n\n<figure class=\"wp-block-image\"><img decoding=\"async\" data-src=\"https:\/\/lh5.googleusercontent.com\/proxy\/9iJn8acsBlfhA3O8OS1cDDjvRlcGbL0SdmtC8IphtZUFiGx_GmfzsXdqt75DL7BnS2N98sheF1g__DWn88_Ut7B28fm539hE5lkTXJEliNDTl6yYEyZwa4KSOM2zz2ovdbFtAn4FaDedrNr9i3CCE8WRVeYrGA=s0-d\" alt=\"\" src=\"data:image\/svg+xml;base64,PHN2ZyB3aWR0aD0iMSIgaGVpZ2h0PSIxIiB4bWxucz0iaHR0cDovL3d3dy53My5vcmcvMjAwMC9zdmciPjwvc3ZnPg==\" class=\"lazyload\" \/><\/figure>\n\n\n\n<p>Adriano Wolff teve 62% das opini\u00f5es na pesquisa, contra apenas 27% de Luis Filho<strong><br><\/strong><strong>Rejei\u00e7\u00e3o:<\/strong><strong><br><\/strong><\/p>\n\n\n\n<figure class=\"wp-block-image\"><img decoding=\"async\" data-src=\"https:\/\/lh4.googleusercontent.com\/proxy\/OyRc3pBS3Bgvt8FZ-w2rh3oLvi47S7nLA68aWkK8lPF4GkKtLeQ5G9IdhYjz6SaahN5wMRi78JBFT49j9j_hEg1Z_UKazpaxr7dsl_BJ9YEdEJd8OoIDzAVAKbLzFMsmrna-Fop0ppEVMiMlWh04XwpVyFH60Q=s0-d\" alt=\"\" src=\"data:image\/svg+xml;base64,PHN2ZyB3aWR0aD0iMSIgaGVpZ2h0PSIxIiB4bWxucz0iaHR0cDovL3d3dy53My5vcmcvMjAwMC9zdmciPjwvc3ZnPg==\" class=\"lazyload\" \/><\/figure>\n\n\n\n<p>Invertendo a pergunta e indagando em quem a popula\u00e7\u00e3o n\u00e3o votaria para prefeito, a rejei\u00e7\u00e3o ao nome de Luis Filho ultrapassa a casa dos 50%.<br>52% n\u00e3o votariam de forma alguma em Luis Filho, enquanto que menos de 20% disseram n\u00e3o votar em Adriano.<br>Recentemente Adriano Wolff tamb\u00e9m apareceu com n\u00fameros de aprova\u00e7\u00e3o acima da casa dos 85% em outra enquete realizada desta vez pelo portal TVCARIRI, o que comprova que ele \u00e9 o gestor mais bem avaliado de toda a regi\u00e3o.<strong><br><\/strong><strong>F\u00c1BIO BRITO com dados da pesquisa CARIRI EM A\u00c7\u00c3O<\/strong><\/p>\n","protected":false},"excerpt":{"rendered":"<p>Os n\u00fameros da pesquisa CARIRI EM A\u00c7\u00c3O divulgados na noite desta segunda, 11, comprovam que caso as elei\u00e7\u00f5es fossem hoje, o Prefeito&nbsp;&nbsp;de SS do Umbuzeiro&hellip; <\/p>\n","protected":false},"author":1,"featured_media":35931,"comment_status":"closed","ping_status":"closed","sticky":false,"template":"","format":"standard","meta":{"sfsi_plus_gutenberg_text_before_share":"","sfsi_plus_gutenberg_show_text_before_share":"","sfsi_plus_gutenberg_icon_type":"","sfsi_plus_gutenberg_icon_alignemt":"","sfsi_plus_gutenburg_max_per_row":"","footnotes":""},"categories":[6],"tags":[],"class_list":["post-134501","post","type-post","status-publish","format-standard","has-post-thumbnail","hentry","category-cidades"],"_links":{"self":[{"href":"https:\/\/www.caririemacao.com\/1\/wp-json\/wp\/v2\/posts\/134501","targetHints":{"allow":["GET"]}}],"collection":[{"href":"https:\/\/www.caririemacao.com\/1\/wp-json\/wp\/v2\/posts"}],"about":[{"href":"https:\/\/www.caririemacao.com\/1\/wp-json\/wp\/v2\/types\/post"}],"author":[{"embeddable":true,"href":"https:\/\/www.caririemacao.com\/1\/wp-json\/wp\/v2\/users\/1"}],"replies":[{"embeddable":true,"href":"https:\/\/www.caririemacao.com\/1\/wp-json\/wp\/v2\/comments?post=134501"}],"version-history":[{"count":1,"href":"https:\/\/www.caririemacao.com\/1\/wp-json\/wp\/v2\/posts\/134501\/revisions"}],"predecessor-version":[{"id":134503,"href":"https:\/\/www.caririemacao.com\/1\/wp-json\/wp\/v2\/posts\/134501\/revisions\/134503"}],"wp:featuredmedia":[{"embeddable":true,"href":"https:\/\/www.caririemacao.com\/1\/wp-json\/wp\/v2\/media\/35931"}],"wp:attachment":[{"href":"https:\/\/www.caririemacao.com\/1\/wp-json\/wp\/v2\/media?parent=134501"}],"wp:term":[{"taxonomy":"category","embeddable":true,"href":"https:\/\/www.caririemacao.com\/1\/wp-json\/wp\/v2\/categories?post=134501"},{"taxonomy":"post_tag","embeddable":true,"href":"https:\/\/www.caririemacao.com\/1\/wp-json\/wp\/v2\/tags?post=134501"}],"curies":[{"name":"wp","href":"https:\/\/api.w.org\/{rel}","templated":true}]}}