{"id":134513,"date":"2019-11-12T08:48:59","date_gmt":"2019-11-12T11:48:59","guid":{"rendered":"http:\/\/www.caririemacao.com\/1\/?p=134513"},"modified":"2019-11-12T08:48:59","modified_gmt":"2019-11-12T11:48:59","slug":"marcio-venceria-eleicao-e-oposicao-em-sj-do-tigre-tem-96-de-rejeicao-aponta-pesquisa","status":"publish","type":"post","link":"https:\/\/www.caririemacao.com\/1\/2019\/11\/12\/marcio-venceria-eleicao-e-oposicao-em-sj-do-tigre-tem-96-de-rejeicao-aponta-pesquisa\/","title":{"rendered":"M\u00e1rcio venceria elei\u00e7\u00e3o e oposi\u00e7\u00e3o em Sj do Tigre tem 96% de rejei\u00e7\u00e3o aponta pesquisa"},"content":{"rendered":"\n<p>Os n\u00fameros da pesquisa CARIRI EM A\u00c7\u00c3O divulgados na noite desta segunda, 11, comprovam que caso as elei\u00e7\u00f5es fossem hoje, o secret\u00e1rio de finan\u00e7as M\u00e1rcio Leite venceria o pleito e o candidato da oposi\u00e7\u00e3o mais bem cotado teria apenas 11% de inten\u00e7\u00f5es de voto.<br>Os n\u00fameros surgiram de pesquisa feita junto \u00e0 popula\u00e7\u00e3o pelo site para dentro do PREMIO REFERENCIA 2019.<strong><br><\/strong><strong>Na estimulada:<\/strong><strong><br><\/strong><\/p>\n\n\n\n<figure class=\"wp-block-image\"><img decoding=\"async\" data-src=\"https:\/\/lh4.googleusercontent.com\/proxy\/8w43CfcpLTaJVShk4MGI7BSXRwVPekc8kxrS2lVRLVO__3w968bJbgPbz5FqnJurgPl4ryA7EuRu8dy3PW1w2a5ZvBDMMZfySwblLfcC_XignjlUXTklr89d1VqOGf0IhfDrXQi2LyxCFrYuCHeJ2f06bbf-EA=s0-d\" alt=\"\" src=\"data:image\/svg+xml;base64,PHN2ZyB3aWR0aD0iMSIgaGVpZ2h0PSIxIiB4bWxucz0iaHR0cDovL3d3dy53My5vcmcvMjAwMC9zdmciPjwvc3ZnPg==\" class=\"lazyload\" \/><\/figure>\n\n\n\n<p>M\u00e1rcio Leite teve 47% das opini\u00f5es na pesquisa, contra apenas 11% de Igor Queir\u00f3z, 2% de Sandra e 4% de Roberto, que totalizam apenas 17%<strong><br><\/strong><strong>Rejei\u00e7\u00e3o:<\/strong><strong><br><\/strong><\/p>\n\n\n\n<figure class=\"wp-block-image\"><img decoding=\"async\" data-src=\"https:\/\/lh4.googleusercontent.com\/proxy\/mrIj8FSJmmRkTXEhmZlLMMCB0JZbdf5fbwK-NqCjh15vzHrGvo9z1YjSEcvxa5mdaT2crRoiWVd8XrvUEcMm2gcWt2YLLypifSKX_tBJnCjVVFqomYLZEa9bY8rk3SUY6XeO3nfS8CB8iDggutn4o-KUFP73WA=s0-d\" alt=\"\" src=\"data:image\/svg+xml;base64,PHN2ZyB3aWR0aD0iMSIgaGVpZ2h0PSIxIiB4bWxucz0iaHR0cDovL3d3dy53My5vcmcvMjAwMC9zdmciPjwvc3ZnPg==\" class=\"lazyload\" \/><\/figure>\n\n\n\n<p>Invertendo a pergunta e indagando em quem a popula\u00e7\u00e3o n\u00e3o votaria para prefeito, a rejei\u00e7\u00e3o ao nome de M\u00e1rcio \u00e9 de apenas 4%, enquanto que 32% n\u00e3o votariam em Roberto, 31% n\u00e3o votariam em Igor e 33% n\u00e3o votariam em Sandra, totalizando incr\u00edveis 96% de rejei\u00e7\u00e3o da oposi\u00e7\u00e3o<strong><br><\/strong><strong>F\u00c1BIO BRITO com dados da pesquisa CARIRI EM A\u00c7\u00c3O<\/strong><\/p>\n","protected":false},"excerpt":{"rendered":"<p>Os n\u00fameros da pesquisa CARIRI EM A\u00c7\u00c3O divulgados na noite desta segunda, 11, comprovam que caso as elei\u00e7\u00f5es fossem hoje, o secret\u00e1rio de finan\u00e7as M\u00e1rcio&hellip; <\/p>\n","protected":false},"author":1,"featured_media":27439,"comment_status":"closed","ping_status":"closed","sticky":false,"template":"","format":"standard","meta":{"sfsi_plus_gutenberg_text_before_share":"","sfsi_plus_gutenberg_show_text_before_share":"","sfsi_plus_gutenberg_icon_type":"","sfsi_plus_gutenberg_icon_alignemt":"","sfsi_plus_gutenburg_max_per_row":"","footnotes":""},"categories":[2,66],"tags":[],"class_list":["post-134513","post","type-post","status-publish","format-standard","has-post-thumbnail","hentry","category-geral","category-premio-referencia-2019"],"_links":{"self":[{"href":"https:\/\/www.caririemacao.com\/1\/wp-json\/wp\/v2\/posts\/134513","targetHints":{"allow":["GET"]}}],"collection":[{"href":"https:\/\/www.caririemacao.com\/1\/wp-json\/wp\/v2\/posts"}],"about":[{"href":"https:\/\/www.caririemacao.com\/1\/wp-json\/wp\/v2\/types\/post"}],"author":[{"embeddable":true,"href":"https:\/\/www.caririemacao.com\/1\/wp-json\/wp\/v2\/users\/1"}],"replies":[{"embeddable":true,"href":"https:\/\/www.caririemacao.com\/1\/wp-json\/wp\/v2\/comments?post=134513"}],"version-history":[{"count":1,"href":"https:\/\/www.caririemacao.com\/1\/wp-json\/wp\/v2\/posts\/134513\/revisions"}],"predecessor-version":[{"id":134514,"href":"https:\/\/www.caririemacao.com\/1\/wp-json\/wp\/v2\/posts\/134513\/revisions\/134514"}],"wp:featuredmedia":[{"embeddable":true,"href":"https:\/\/www.caririemacao.com\/1\/wp-json\/wp\/v2\/media\/27439"}],"wp:attachment":[{"href":"https:\/\/www.caririemacao.com\/1\/wp-json\/wp\/v2\/media?parent=134513"}],"wp:term":[{"taxonomy":"category","embeddable":true,"href":"https:\/\/www.caririemacao.com\/1\/wp-json\/wp\/v2\/categories?post=134513"},{"taxonomy":"post_tag","embeddable":true,"href":"https:\/\/www.caririemacao.com\/1\/wp-json\/wp\/v2\/tags?post=134513"}],"curies":[{"name":"wp","href":"https:\/\/api.w.org\/{rel}","templated":true}]}}