{"id":134525,"date":"2019-11-12T09:31:00","date_gmt":"2019-11-12T12:31:00","guid":{"rendered":"http:\/\/www.caririemacao.com\/1\/?p=134525"},"modified":"2019-11-12T11:36:02","modified_gmt":"2019-11-12T14:36:02","slug":"pesquisa-do-premio-referencia-confirma-que-sandro-moco-teria-quase-o-dobro-de-votos-de-nicinha-aristeu-e-junior-juntos-se-as-eleicoes-fossem-hoje","status":"publish","type":"post","link":"https:\/\/www.caririemacao.com\/1\/2019\/11\/12\/pesquisa-do-premio-referencia-confirma-que-sandro-moco-teria-quase-o-dobro-de-votos-de-nicinha-aristeu-e-junior-juntos-se-as-eleicoes-fossem-hoje\/","title":{"rendered":"Pesquisa do PR\u00caMIO REFER\u00caNCIA confirma que Sandro M\u00f4co teria quase o dobro de votos de Nicinha, Aristeu e Junior juntos se as elei\u00e7\u00f5es fossem hoje"},"content":{"rendered":"\n<p>Os n\u00fameros da pesquisa CARIRI EM A\u00c7\u00c3O divulgados na noite desta segunda, 11, comprovam que caso as elei\u00e7\u00f5es fossem hoje, o atual prefeito Sandro M\u00f4co venceria o pleito e o 03 candidatos da oposi\u00e7\u00e3o teriam JUNTOS, basicamente a metade dos votos do vencedor.<br>Os n\u00fameros surgiram de pesquisa feita junto \u00e0 popula\u00e7\u00e3o pelo site para dentro do PREMIO REFERENCIA 2019.<\/p>\n\n\n\n<p><strong>Na estimulada:<\/strong><\/p>\n\n\n\n<figure class=\"wp-block-image\"><img decoding=\"async\" data-src=\"https:\/\/lh5.googleusercontent.com\/proxy\/qjB6ByawnJdWnfjgJAY-O31AVuf4hEZVA-bCBVFFpWN4iieXZM4Nn_-BkVuHUh9upbOF0MeW4ARTDOzOgn-5Ai2NAfJjiOoRDm0thwDRPUH5bx4oGe2lbbwpRu7-qTl26dyaxqTV2HdhgGgSVilBbSdwmcD9osgfep7zZxKl-Q8y8-EIDqNWh8SCiyMXsMUIHvq_SGlRqtJrDbJT=s0-d\" alt=\"\" src=\"data:image\/svg+xml;base64,PHN2ZyB3aWR0aD0iMSIgaGVpZ2h0PSIxIiB4bWxucz0iaHR0cDovL3d3dy53My5vcmcvMjAwMC9zdmciPjwvc3ZnPg==\" class=\"lazyload\" \/><\/figure>\n\n\n\n<p>Sando M\u00f4co teve 48% das opini\u00f5es na pesquisa, contra apenas 17% de Aristeu, 4% de Sandra e 4% de J\u00fanior Lucas, que totalizam apenas 25% ou seja, praticamente a metade de Sandro M\u00f4co sozinho.<strong><br><\/strong><strong>Avalia\u00e7\u00e3o da gest\u00e3o<\/strong><strong><br><\/strong><\/p>\n\n\n\n<figure class=\"wp-block-image\"><img decoding=\"async\" data-src=\"https:\/\/lh6.googleusercontent.com\/proxy\/IGp2Tj8F4amjyo_qc3df6RFb-NIKzlo4SPN3xBGvXd4KwIRxkW3TV3fQOGDzdTZ7wmeyILwUu03JO4VWdZd5QvFYc36ozVg9N6d3CPfHPD2edDhGdVBEDPYbQak8_yRw8dik_P0Q=s0-d\" alt=\"\" src=\"data:image\/svg+xml;base64,PHN2ZyB3aWR0aD0iMSIgaGVpZ2h0PSIxIiB4bWxucz0iaHR0cDovL3d3dy53My5vcmcvMjAwMC9zdmciPjwvc3ZnPg==\" class=\"lazyload\" \/><\/figure>\n\n\n\n<p>Na avalia\u00e7\u00e3o da popula\u00e7\u00e3o, 72% aprovam a gest\u00e3o de Sandro, sendo 55% que acham \u00f3tima e 17% que acham boa, contra apenas 20% que acham ruim ou p\u00e9ssima e 8% que acham regular.<strong><br><\/strong><br><strong><br><\/strong><strong>F\u00c1BIO BRITO com dados da pesquisa CARIRI EM A\u00c7\u00c3O<\/strong><\/p>\n","protected":false},"excerpt":{"rendered":"<p>Os n\u00fameros da pesquisa CARIRI EM A\u00c7\u00c3O divulgados na noite desta segunda, 11, comprovam que caso as elei\u00e7\u00f5es fossem hoje, o atual prefeito Sandro M\u00f4co&hellip; <\/p>\n","protected":false},"author":1,"featured_media":52127,"comment_status":"closed","ping_status":"closed","sticky":false,"template":"","format":"standard","meta":{"sfsi_plus_gutenberg_text_before_share":"","sfsi_plus_gutenberg_show_text_before_share":"","sfsi_plus_gutenberg_icon_type":"","sfsi_plus_gutenberg_icon_alignemt":"","sfsi_plus_gutenburg_max_per_row":"","footnotes":""},"categories":[6],"tags":[],"class_list":["post-134525","post","type-post","status-publish","format-standard","has-post-thumbnail","hentry","category-cidades"],"_links":{"self":[{"href":"https:\/\/www.caririemacao.com\/1\/wp-json\/wp\/v2\/posts\/134525","targetHints":{"allow":["GET"]}}],"collection":[{"href":"https:\/\/www.caririemacao.com\/1\/wp-json\/wp\/v2\/posts"}],"about":[{"href":"https:\/\/www.caririemacao.com\/1\/wp-json\/wp\/v2\/types\/post"}],"author":[{"embeddable":true,"href":"https:\/\/www.caririemacao.com\/1\/wp-json\/wp\/v2\/users\/1"}],"replies":[{"embeddable":true,"href":"https:\/\/www.caririemacao.com\/1\/wp-json\/wp\/v2\/comments?post=134525"}],"version-history":[{"count":3,"href":"https:\/\/www.caririemacao.com\/1\/wp-json\/wp\/v2\/posts\/134525\/revisions"}],"predecessor-version":[{"id":134619,"href":"https:\/\/www.caririemacao.com\/1\/wp-json\/wp\/v2\/posts\/134525\/revisions\/134619"}],"wp:featuredmedia":[{"embeddable":true,"href":"https:\/\/www.caririemacao.com\/1\/wp-json\/wp\/v2\/media\/52127"}],"wp:attachment":[{"href":"https:\/\/www.caririemacao.com\/1\/wp-json\/wp\/v2\/media?parent=134525"}],"wp:term":[{"taxonomy":"category","embeddable":true,"href":"https:\/\/www.caririemacao.com\/1\/wp-json\/wp\/v2\/categories?post=134525"},{"taxonomy":"post_tag","embeddable":true,"href":"https:\/\/www.caririemacao.com\/1\/wp-json\/wp\/v2\/tags?post=134525"}],"curies":[{"name":"wp","href":"https:\/\/api.w.org\/{rel}","templated":true}]}}