{"id":134540,"date":"2019-11-12T09:41:30","date_gmt":"2019-11-12T12:41:30","guid":{"rendered":"http:\/\/www.caririemacao.com\/1\/?p=134540"},"modified":"2019-11-12T09:41:30","modified_gmt":"2019-11-12T12:41:30","slug":"pesquisa-do-premio-referencia-confirma-que-inacio-nobrega-seria-reeleito-no-amparo-com-tranquilidade-se-as-eleicoes-fossem-hoje","status":"publish","type":"post","link":"https:\/\/www.caririemacao.com\/1\/2019\/11\/12\/pesquisa-do-premio-referencia-confirma-que-inacio-nobrega-seria-reeleito-no-amparo-com-tranquilidade-se-as-eleicoes-fossem-hoje\/","title":{"rendered":"Pesquisa do PREMIO REFERENCIA confirma que In\u00e1cio N\u00f3brega seria reeleito no Amparo com tranquilidade se as elei\u00e7\u00f5es fossem hoje"},"content":{"rendered":"\n<p>Os n\u00fameros da pesquisa CARIRI EM A\u00c7\u00c3O divulgados na noite desta segunda, 11, comprovam que caso as elei\u00e7\u00f5es fossem hoje, o atual prefeito In\u00e1cio N\u00f3brega venceria o pleito com tranquilidade caso as elei\u00e7\u00f5es fossem hoje no Amparo .<br>Os n\u00fameros surgiram de pesquisa feita junto \u00e0 popula\u00e7\u00e3o pelo site para dentro do PREMIO REFERENCIA 2019.<strong><br><\/strong><strong>Na estimulada:<\/strong><\/p>\n\n\n\n<figure class=\"wp-block-image\"><img decoding=\"async\" data-src=\"https:\/\/lh6.googleusercontent.com\/proxy\/4X_ESZ7c5rTp0z8epv0FXgSDmNQKmMZvAlJ68IwOqrfJmDOIP0avaqg9wF9tW-x854X-7UgvFpR1s2yk8Ipbtz_vL01DinzgWPTQ_ZY3dPuRKT57YIsp6IDuENa1M2eUpOk6AIMasozXoj2OJNb-zY6f0N7MPhWSfMk5aq5CXSWiwkYmOsqiWssC5l1bWJnNow=s0-d\" alt=\"\" src=\"data:image\/svg+xml;base64,PHN2ZyB3aWR0aD0iMSIgaGVpZ2h0PSIxIiB4bWxucz0iaHR0cDovL3d3dy53My5vcmcvMjAwMC9zdmciPjwvc3ZnPg==\" class=\"lazyload\" \/><\/figure>\n\n\n\n<p>In\u00e1cio N\u00f3brega teve 45% das opini\u00f5es na pesquisa, contra 23% de Dr. Jo\u00e3o, 10% Z\u00e9 Arnaldo e 7% de Maria Pedrosa, estes os mais citados na avalia\u00e7\u00e3o da popula\u00e7\u00e3o.<strong><br><\/strong><strong>Avalia\u00e7\u00e3o da gest\u00e3o<\/strong><strong><br><\/strong><\/p>\n\n\n\n<figure class=\"wp-block-image\"><img decoding=\"async\" data-src=\"https:\/\/lh3.googleusercontent.com\/proxy\/NxVO3r-jVvWaesJXRuR-5BYxkzOEN6Z6SaMr4gfQ7YbBf5X2uhpvdtQHpxXwzYIrMtxpDcAw9tIJPz1ggpjPSImJ0A1ek8UpHcrnRAwjeB9jq_xerSdwVE2hiz5_PxzEl3ZcHNv4Bfp4XxoumSh6WHBVJMoXeh7H-a-zStN2=s0-d\" alt=\"\" src=\"data:image\/svg+xml;base64,PHN2ZyB3aWR0aD0iMSIgaGVpZ2h0PSIxIiB4bWxucz0iaHR0cDovL3d3dy53My5vcmcvMjAwMC9zdmciPjwvc3ZnPg==\" class=\"lazyload\" \/><\/figure>\n\n\n\n<p>Na avalia\u00e7\u00e3o dos amparenses, 47% aprovam a gest\u00e3o de In\u00e1cio, sendo 21% que acham \u00f3tima e 26% que acham boa, contra apenas 19% que acham ruim ou p\u00e9ssima e 34% que acham regular.<strong><br><\/strong><br><strong><br><\/strong><strong>F\u00c1BIO BRITO com dados da pesquisa CARIRI EM A\u00c7\u00c3O<\/strong><\/p>\n","protected":false},"excerpt":{"rendered":"<p>Os n\u00fameros da pesquisa CARIRI EM A\u00c7\u00c3O divulgados na noite desta segunda, 11, comprovam que caso as elei\u00e7\u00f5es fossem hoje, o atual prefeito In\u00e1cio N\u00f3brega&hellip; <\/p>\n","protected":false},"author":1,"featured_media":44146,"comment_status":"closed","ping_status":"closed","sticky":false,"template":"","format":"standard","meta":{"sfsi_plus_gutenberg_text_before_share":"","sfsi_plus_gutenberg_show_text_before_share":"","sfsi_plus_gutenberg_icon_type":"","sfsi_plus_gutenberg_icon_alignemt":"","sfsi_plus_gutenburg_max_per_row":"","footnotes":""},"categories":[50,2],"tags":[],"class_list":["post-134540","post","type-post","status-publish","format-standard","has-post-thumbnail","hentry","category-destaque","category-geral"],"_links":{"self":[{"href":"https:\/\/www.caririemacao.com\/1\/wp-json\/wp\/v2\/posts\/134540","targetHints":{"allow":["GET"]}}],"collection":[{"href":"https:\/\/www.caririemacao.com\/1\/wp-json\/wp\/v2\/posts"}],"about":[{"href":"https:\/\/www.caririemacao.com\/1\/wp-json\/wp\/v2\/types\/post"}],"author":[{"embeddable":true,"href":"https:\/\/www.caririemacao.com\/1\/wp-json\/wp\/v2\/users\/1"}],"replies":[{"embeddable":true,"href":"https:\/\/www.caririemacao.com\/1\/wp-json\/wp\/v2\/comments?post=134540"}],"version-history":[{"count":1,"href":"https:\/\/www.caririemacao.com\/1\/wp-json\/wp\/v2\/posts\/134540\/revisions"}],"predecessor-version":[{"id":134543,"href":"https:\/\/www.caririemacao.com\/1\/wp-json\/wp\/v2\/posts\/134540\/revisions\/134543"}],"wp:featuredmedia":[{"embeddable":true,"href":"https:\/\/www.caririemacao.com\/1\/wp-json\/wp\/v2\/media\/44146"}],"wp:attachment":[{"href":"https:\/\/www.caririemacao.com\/1\/wp-json\/wp\/v2\/media?parent=134540"}],"wp:term":[{"taxonomy":"category","embeddable":true,"href":"https:\/\/www.caririemacao.com\/1\/wp-json\/wp\/v2\/categories?post=134540"},{"taxonomy":"post_tag","embeddable":true,"href":"https:\/\/www.caririemacao.com\/1\/wp-json\/wp\/v2\/tags?post=134540"}],"curies":[{"name":"wp","href":"https:\/\/api.w.org\/{rel}","templated":true}]}}