{"id":134550,"date":"2019-11-12T09:45:12","date_gmt":"2019-11-12T12:45:12","guid":{"rendered":"http:\/\/www.caririemacao.com\/1\/?p=134550"},"modified":"2019-11-12T09:45:12","modified_gmt":"2019-11-12T12:45:12","slug":"eleicoes-2020-pesquisa-aponta-vitoria-de-anna-lorena-e-aprovacao-da-gestao-chega-a-50","status":"publish","type":"post","link":"https:\/\/www.caririemacao.com\/1\/2019\/11\/12\/eleicoes-2020-pesquisa-aponta-vitoria-de-anna-lorena-e-aprovacao-da-gestao-chega-a-50\/","title":{"rendered":"Elei\u00e7\u00f5es 2020: Pesquisa aponta vit\u00f3ria de Anna Lorena e aprova\u00e7\u00e3o da gest\u00e3o chega a 50%"},"content":{"rendered":"\n<p>Uma pesquisa realizada pelo site Cariri em A\u00e7\u00e3o aponta vit\u00f3ria da prefeita Anna Lorena, se as elei\u00e7\u00f5es fossem hoje, em Monteiro. O resultado foi divulgado na noite desta segunda-feira (11).<\/p>\n\n\n\n<p>De acordo com os n\u00fameros, Anna Lorena aparece com 26% dos votos, seguida por Edna Henrique, com 16%, Jo\u00e3o Henrique, 13%, Carlos Batinga, 10%, Juraci Conrado, 10% e Z\u00e9 Silvestre, com 9%. 16% dos entrevistados n\u00e3o quiseram opinar.<\/p>\n\n\n\n<p><strong>REJEI\u00c7\u00c3O<\/strong><\/p>\n\n\n\n<p>Pr\u00e9-candidata a relei\u00e7\u00e3o em 2020, Anna Lorena tem a menor rejei\u00e7\u00e3o entre os nomes apresentados na pesquisa. Se as elei\u00e7\u00f5es fossem hoje, em quem voc\u00ea n\u00e3o votaria, Conrado e Z\u00e9 Silvestre lideram com 19% cada, seguidos por Carlos Batinga e Jo\u00e3o Henrique, que aparecem com 18% cada. 14% disseram que n\u00e3o votariam em Edna Henrique, e 12%, que n\u00e3o votariam em Anna Lorena.<\/p>\n\n\n\n<p><strong>APROVA\u00c7\u00c3O DA GEST\u00c3O MUNICIPAL<\/strong><\/p>\n\n\n\n<p>A gest\u00e3o da Prefeita Anna Lorena tem a aprova\u00e7\u00e3o de 50%, entre \u00f3timo e bom. 29% dos entrevistados avaliam sua gest\u00e3o como regular, e 15%, como p\u00e9ssima. 6% avaliam a gest\u00e3o como ruim.<\/p>\n\n\n\n<p><strong>LEGISLA\u00c7\u00c3O<\/strong><\/p>\n\n\n\n<p>De acordo com resolu\u00e7\u00e3o do TSE, s\u00f3 a partir de 1\u00b0 de janeiro de 2020, as entidades e as empresas que realizarem pesquisas de opini\u00e3o p\u00fablica sobre as elei\u00e7\u00f5es ou candidatos, para conhecimento p\u00fablico, ser\u00e3o obrigadas a registrar cada pesquisa no Ju\u00edzo Eleitoral ao qual compete fazer o registro dos candidatos. O registro da pesquisa deve ocorrer com anteced\u00eancia m\u00ednima de cinco dias de sua divulga\u00e7\u00e3o.<\/p>\n\n\n\n<p><strong>VEJA OS N\u00daMEROS:<\/strong><\/p>\n\n\n\n<div class=\"wp-block-image\"><figure class=\"aligncenter\"><img decoding=\"async\" data-src=\"https:\/\/i1.wp.com\/www.caririemacao.com\/1\/wp-content\/uploads\/2019\/11\/xmonteiro-Prefeito-estimulada-votaria.jpg.pagespeed.ic.sJHiJumUgk.jpg?zoom=2&amp;resize=330%2C247\" alt=\"\" src=\"data:image\/svg+xml;base64,PHN2ZyB3aWR0aD0iMSIgaGVpZ2h0PSIxIiB4bWxucz0iaHR0cDovL3d3dy53My5vcmcvMjAwMC9zdmciPjwvc3ZnPg==\" class=\"lazyload\" \/><\/figure><\/div>\n\n\n\n<figure class=\"wp-block-image\"><img decoding=\"async\" data-src=\"https:\/\/i2.wp.com\/www.caririemacao.com\/1\/wp-content\/uploads\/2019\/11\/xMOC63C1-1.jpg.pagespeed.ic.sGsbmdApsj.jpg?zoom=2&amp;resize=330%2C291\" alt=\"\" src=\"data:image\/svg+xml;base64,PHN2ZyB3aWR0aD0iMSIgaGVpZ2h0PSIxIiB4bWxucz0iaHR0cDovL3d3dy53My5vcmcvMjAwMC9zdmciPjwvc3ZnPg==\" class=\"lazyload\" \/><\/figure>\n\n\n\n<figure class=\"wp-block-image\"><img decoding=\"async\" data-src=\"https:\/\/i0.wp.com\/www.caririemacao.com\/1\/wp-content\/uploads\/2019\/11\/xMONTEIRO-PREFEITO.jpg.pagespeed.ic.6CbN8ppDUb.jpg?zoom=2&amp;resize=330%2C210\" alt=\"\" src=\"data:image\/svg+xml;base64,PHN2ZyB3aWR0aD0iMSIgaGVpZ2h0PSIxIiB4bWxucz0iaHR0cDovL3d3dy53My5vcmcvMjAwMC9zdmciPjwvc3ZnPg==\" class=\"lazyload\" \/><\/figure>\n\n\n\n<p><strong>VITRINE DO CARIRI<\/strong><\/p>\n","protected":false},"excerpt":{"rendered":"<p>Uma pesquisa realizada pelo site Cariri em A\u00e7\u00e3o aponta vit\u00f3ria da prefeita Anna Lorena, se as elei\u00e7\u00f5es fossem hoje, em Monteiro. O resultado foi divulgado&hellip; <\/p>\n","protected":false},"author":1,"featured_media":12074,"comment_status":"closed","ping_status":"closed","sticky":false,"template":"","format":"standard","meta":{"sfsi_plus_gutenberg_text_before_share":"","sfsi_plus_gutenberg_show_text_before_share":"","sfsi_plus_gutenberg_icon_type":"","sfsi_plus_gutenberg_icon_alignemt":"","sfsi_plus_gutenburg_max_per_row":"","footnotes":""},"categories":[11],"tags":[],"class_list":["post-134550","post","type-post","status-publish","format-standard","has-post-thumbnail","hentry","category-politica"],"_links":{"self":[{"href":"https:\/\/www.caririemacao.com\/1\/wp-json\/wp\/v2\/posts\/134550","targetHints":{"allow":["GET"]}}],"collection":[{"href":"https:\/\/www.caririemacao.com\/1\/wp-json\/wp\/v2\/posts"}],"about":[{"href":"https:\/\/www.caririemacao.com\/1\/wp-json\/wp\/v2\/types\/post"}],"author":[{"embeddable":true,"href":"https:\/\/www.caririemacao.com\/1\/wp-json\/wp\/v2\/users\/1"}],"replies":[{"embeddable":true,"href":"https:\/\/www.caririemacao.com\/1\/wp-json\/wp\/v2\/comments?post=134550"}],"version-history":[{"count":1,"href":"https:\/\/www.caririemacao.com\/1\/wp-json\/wp\/v2\/posts\/134550\/revisions"}],"predecessor-version":[{"id":134551,"href":"https:\/\/www.caririemacao.com\/1\/wp-json\/wp\/v2\/posts\/134550\/revisions\/134551"}],"wp:featuredmedia":[{"embeddable":true,"href":"https:\/\/www.caririemacao.com\/1\/wp-json\/wp\/v2\/media\/12074"}],"wp:attachment":[{"href":"https:\/\/www.caririemacao.com\/1\/wp-json\/wp\/v2\/media?parent=134550"}],"wp:term":[{"taxonomy":"category","embeddable":true,"href":"https:\/\/www.caririemacao.com\/1\/wp-json\/wp\/v2\/categories?post=134550"},{"taxonomy":"post_tag","embeddable":true,"href":"https:\/\/www.caririemacao.com\/1\/wp-json\/wp\/v2\/tags?post=134550"}],"curies":[{"name":"wp","href":"https:\/\/api.w.org\/{rel}","templated":true}]}}