{"id":134588,"date":"2019-11-12T09:57:37","date_gmt":"2019-11-12T12:57:37","guid":{"rendered":"http:\/\/www.caririemacao.com\/1\/?p=134588"},"modified":"2019-11-12T09:57:37","modified_gmt":"2019-11-12T12:57:37","slug":"sao-joao-do-cariri-pesquisa-aponta-vitoria-de-helder-trajano-em-2020-com-70-dos-votos","status":"publish","type":"post","link":"https:\/\/www.caririemacao.com\/1\/2019\/11\/12\/sao-joao-do-cariri-pesquisa-aponta-vitoria-de-helder-trajano-em-2020-com-70-dos-votos\/","title":{"rendered":"S\u00c3O JO\u00c3O DO CARIRI: Pesquisa aponta vit\u00f3ria de Helder Trajano em 2020 com 70% dos votos"},"content":{"rendered":"\n<p>Uma pesquisa divulgada na noite desta segunda-feira (11), pelo site Cariri em A\u00e7\u00e3o, apontou uma vit\u00f3ria esmagadora do prefeito Helder Trajano nas pr\u00f3ximas elei\u00e7\u00f5es municipais em S\u00e3o Jo\u00e3o do Cariri.&nbsp;<br>De acordo com a pesquisa, se as elei\u00e7\u00f5es fossem hoje Helder teria 70% dos votos, seguido por Chico de Eulina com 12%, George Aquino com 5% e Beto Medeiros com 3% dos votos. 10% n\u00e3o quis opinar.<br><strong>REJEI\u00c7\u00c3O<\/strong><br>O site ainda avaliou a rejei\u00e7\u00e3o dos pretensos candidatos a prefeito em 2020 no munic\u00edpio. Segundo o site, se as elei\u00e7\u00f5es fossem hoje em quem voc\u00ea n\u00e3o votaria: Beto Medeiros aparece com 20%, seguido por George Aquino com 17%, Chico de Eulina com 13% e Helder Trajano com 12%. 38% n\u00e3o quis opinar.&nbsp;<br><strong>LEGISLA\u00c7\u00c3O<\/strong><br>De acordo com resolu\u00e7\u00e3o do TSE, s\u00f3 a partir de 1\u00b0 de janeiro de 2020, as entidades e as empresas que realizarem pesquisas de opini\u00e3o p\u00fablica sobre as elei\u00e7\u00f5es ou candidatos, para conhecimento p\u00fablico, ser\u00e3o obrigadas a registrar cada pesquisa no Ju\u00edzo Eleitoral ao qual compete fazer o registro dos candidatos. O registro da pesquisa deve ocorrer com anteced\u00eancia m\u00ednima de cinco dias de sua divulga\u00e7\u00e3o.<br><strong>CONFIRA OS N\u00daMEROS<\/strong><strong><br><\/strong><\/p>\n\n\n\n<figure class=\"wp-block-image\"><a href=\"https:\/\/1.bp.blogspot.com\/--KzES6eep4k\/XcoQlAyrp0I\/AAAAAAAAlew\/CAxq0sdfN7Eo_AOSwKCWbmJYlOTDzU4nACLcBGAsYHQ\/s1600\/005.jpg\"><img decoding=\"async\" data-src=\"https:\/\/1.bp.blogspot.com\/--KzES6eep4k\/XcoQlAyrp0I\/AAAAAAAAlew\/CAxq0sdfN7Eo_AOSwKCWbmJYlOTDzU4nACLcBGAsYHQ\/s640\/005.jpg\" alt=\"\" src=\"data:image\/svg+xml;base64,PHN2ZyB3aWR0aD0iMSIgaGVpZ2h0PSIxIiB4bWxucz0iaHR0cDovL3d3dy53My5vcmcvMjAwMC9zdmciPjwvc3ZnPg==\" class=\"lazyload\" \/><\/a><\/figure>\n\n\n\n<figure class=\"wp-block-image\"><a href=\"https:\/\/1.bp.blogspot.com\/-Q_Of6P0ZFfg\/XcoQlPDIYhI\/AAAAAAAAles\/wFKE5gdqwVEPnJmAV71_EOUTFSYi0Xo1gCLcBGAsYHQ\/s1600\/0007.jpg\"><img decoding=\"async\" data-src=\"https:\/\/1.bp.blogspot.com\/-Q_Of6P0ZFfg\/XcoQlPDIYhI\/AAAAAAAAles\/wFKE5gdqwVEPnJmAV71_EOUTFSYi0Xo1gCLcBGAsYHQ\/s640\/0007.jpg\" alt=\"\" src=\"data:image\/svg+xml;base64,PHN2ZyB3aWR0aD0iMSIgaGVpZ2h0PSIxIiB4bWxucz0iaHR0cDovL3d3dy53My5vcmcvMjAwMC9zdmciPjwvc3ZnPg==\" class=\"lazyload\" \/><\/a><\/figure>\n\n\n\n<p><\/p>\n","protected":false},"excerpt":{"rendered":"<p>Uma pesquisa divulgada na noite desta segunda-feira (11), pelo site Cariri em A\u00e7\u00e3o, apontou uma vit\u00f3ria esmagadora do prefeito Helder Trajano nas pr\u00f3ximas elei\u00e7\u00f5es municipais&hellip; <\/p>\n","protected":false},"author":1,"featured_media":134589,"comment_status":"closed","ping_status":"closed","sticky":false,"template":"","format":"standard","meta":{"sfsi_plus_gutenberg_text_before_share":"","sfsi_plus_gutenberg_show_text_before_share":"","sfsi_plus_gutenberg_icon_type":"","sfsi_plus_gutenberg_icon_alignemt":"","sfsi_plus_gutenburg_max_per_row":"","footnotes":""},"categories":[2],"tags":[],"class_list":["post-134588","post","type-post","status-publish","format-standard","has-post-thumbnail","hentry","category-geral"],"_links":{"self":[{"href":"https:\/\/www.caririemacao.com\/1\/wp-json\/wp\/v2\/posts\/134588","targetHints":{"allow":["GET"]}}],"collection":[{"href":"https:\/\/www.caririemacao.com\/1\/wp-json\/wp\/v2\/posts"}],"about":[{"href":"https:\/\/www.caririemacao.com\/1\/wp-json\/wp\/v2\/types\/post"}],"author":[{"embeddable":true,"href":"https:\/\/www.caririemacao.com\/1\/wp-json\/wp\/v2\/users\/1"}],"replies":[{"embeddable":true,"href":"https:\/\/www.caririemacao.com\/1\/wp-json\/wp\/v2\/comments?post=134588"}],"version-history":[{"count":1,"href":"https:\/\/www.caririemacao.com\/1\/wp-json\/wp\/v2\/posts\/134588\/revisions"}],"predecessor-version":[{"id":134590,"href":"https:\/\/www.caririemacao.com\/1\/wp-json\/wp\/v2\/posts\/134588\/revisions\/134590"}],"wp:featuredmedia":[{"embeddable":true,"href":"https:\/\/www.caririemacao.com\/1\/wp-json\/wp\/v2\/media\/134589"}],"wp:attachment":[{"href":"https:\/\/www.caririemacao.com\/1\/wp-json\/wp\/v2\/media?parent=134588"}],"wp:term":[{"taxonomy":"category","embeddable":true,"href":"https:\/\/www.caririemacao.com\/1\/wp-json\/wp\/v2\/categories?post=134588"},{"taxonomy":"post_tag","embeddable":true,"href":"https:\/\/www.caririemacao.com\/1\/wp-json\/wp\/v2\/tags?post=134588"}],"curies":[{"name":"wp","href":"https:\/\/api.w.org\/{rel}","templated":true}]}}