{"id":134607,"date":"2019-11-12T10:31:45","date_gmt":"2019-11-12T13:31:45","guid":{"rendered":"http:\/\/www.caririemacao.com\/1\/?p=134607"},"modified":"2019-11-12T10:31:45","modified_gmt":"2019-11-12T13:31:45","slug":"pesquisa-do-premio-referencia-aponta-dalyson-como-favorito-em-zabele-se-as-eleicoes-fossem-hoje","status":"publish","type":"post","link":"https:\/\/www.caririemacao.com\/1\/2019\/11\/12\/pesquisa-do-premio-referencia-aponta-dalyson-como-favorito-em-zabele-se-as-eleicoes-fossem-hoje\/","title":{"rendered":"Pesquisa do PREMIO REFERENCIA aponta Dalyson como favorito em Zabel\u00ea se as elei\u00e7\u00f5es fossem hoje"},"content":{"rendered":"\n<figure class=\"wp-block-image\"><img decoding=\"async\" data-src=\"https:\/\/lh6.googleusercontent.com\/proxy\/ShTa3T0PekeoEfIMcALNEteBW5__UPZ5I8Yv484v4H0YBSj5M4DvC0zIFNm76y-GPCL8yRRlS4ekFUOKyvnuChIgHkWh5LQPYnZKXYKNFhnttM8NerQjObRRNtQ=s0-d\" alt=\"\" src=\"data:image\/svg+xml;base64,PHN2ZyB3aWR0aD0iMSIgaGVpZ2h0PSIxIiB4bWxucz0iaHR0cDovL3d3dy53My5vcmcvMjAwMC9zdmciPjwvc3ZnPg==\" class=\"lazyload\" \/><\/figure>\n\n\n\n<p>Os n\u00fameros da pesquisa CARIRI EM A\u00c7\u00c3O divulgados na noite desta segunda, 11, comprovam que caso as elei\u00e7\u00f5es fossem hoje, o atual prefeito Dalyson venceria o pleito.<br>Os n\u00fameros surgiram de pesquisa feita junto \u00e0 popula\u00e7\u00e3o pelo site para dentro do PREMIO REFERENCIA 2019.<strong><br><\/strong><strong>Na estimulada:<\/strong><strong><br><\/strong><\/p>\n\n\n\n<figure class=\"wp-block-image\"><img decoding=\"async\" data-src=\"https:\/\/lh3.googleusercontent.com\/proxy\/nVep-jCf-NRMqt_g9JviGUXccla9P03nUxr19NHfMHhUGsFszHDoI3e8yWbpSJ7nUosWpqtoyhrIYkaSnIqyzIbr-Hrgqq9RF0TMOgjazzfjADO24Z8bFuhYLj-XdnYMwyChe19n7NFecih-fl0DLQpdQNc8kLOpS4l7ru6FZZb6tpmwe2W_uH5rAHPhd9EKRXHN=s0-d\" alt=\"\" src=\"data:image\/svg+xml;base64,PHN2ZyB3aWR0aD0iMSIgaGVpZ2h0PSIxIiB4bWxucz0iaHR0cDovL3d3dy53My5vcmcvMjAwMC9zdmciPjwvc3ZnPg==\" class=\"lazyload\" \/><\/figure>\n\n\n\n<p>Dalyson teve 31% das opini\u00f5es na pesquisa, contra 23% de Dr.Felipe, 20% \u00cdris Henrique e 12% de Sess\u00e9 Fumeiro, estes os mais citados na avalia\u00e7\u00e3o da popula\u00e7\u00e3o.<strong><br><\/strong><strong>Avalia\u00e7\u00e3o da gest\u00e3o<\/strong><strong><br><\/strong><\/p>\n\n\n\n<figure class=\"wp-block-image\"><img decoding=\"async\" data-src=\"https:\/\/lh5.googleusercontent.com\/proxy\/B-IR6CjTwJDo1QbscRDi9wZZzGXTv_jX545GuYF-yAcyCWQ5xkvQhWkoWQPcqS-YXq72c0VRG2dex5OE9W6uAZ47vyHn-3pJYBdoZMa0-hjP_z9LY2DiBn8iAjW7uGr96AMxQqVeCp8VI38=s0-d\" alt=\"\" src=\"data:image\/svg+xml;base64,PHN2ZyB3aWR0aD0iMSIgaGVpZ2h0PSIxIiB4bWxucz0iaHR0cDovL3d3dy53My5vcmcvMjAwMC9zdmciPjwvc3ZnPg==\" class=\"lazyload\" \/><\/figure>\n\n\n\n<p>Na avalia\u00e7\u00e3o dos zabeleenses, 47% aprovam a gest\u00e3o de Dalyson, sendo 27% que acham \u00f3tima e 20% que acham boa, contra 26% que acham ruim ou p\u00e9ssima e 27% que acham regular.<strong><br><\/strong><br><strong><br><\/strong><strong>F\u00c1BIO BRITO com dados da pesquisa CARIRI EM A\u00c7\u00c3O<\/strong><\/p>\n","protected":false},"excerpt":{"rendered":"<p>Os n\u00fameros da pesquisa CARIRI EM A\u00c7\u00c3O divulgados na noite desta segunda, 11, comprovam que caso as elei\u00e7\u00f5es fossem hoje, o atual prefeito Dalyson venceria&hellip; <\/p>\n","protected":false},"author":1,"featured_media":132232,"comment_status":"closed","ping_status":"closed","sticky":false,"template":"","format":"standard","meta":{"sfsi_plus_gutenberg_text_before_share":"","sfsi_plus_gutenberg_show_text_before_share":"","sfsi_plus_gutenberg_icon_type":"","sfsi_plus_gutenberg_icon_alignemt":"","sfsi_plus_gutenburg_max_per_row":"","footnotes":""},"categories":[6],"tags":[],"class_list":["post-134607","post","type-post","status-publish","format-standard","has-post-thumbnail","hentry","category-cidades"],"_links":{"self":[{"href":"https:\/\/www.caririemacao.com\/1\/wp-json\/wp\/v2\/posts\/134607","targetHints":{"allow":["GET"]}}],"collection":[{"href":"https:\/\/www.caririemacao.com\/1\/wp-json\/wp\/v2\/posts"}],"about":[{"href":"https:\/\/www.caririemacao.com\/1\/wp-json\/wp\/v2\/types\/post"}],"author":[{"embeddable":true,"href":"https:\/\/www.caririemacao.com\/1\/wp-json\/wp\/v2\/users\/1"}],"replies":[{"embeddable":true,"href":"https:\/\/www.caririemacao.com\/1\/wp-json\/wp\/v2\/comments?post=134607"}],"version-history":[{"count":1,"href":"https:\/\/www.caririemacao.com\/1\/wp-json\/wp\/v2\/posts\/134607\/revisions"}],"predecessor-version":[{"id":134608,"href":"https:\/\/www.caririemacao.com\/1\/wp-json\/wp\/v2\/posts\/134607\/revisions\/134608"}],"wp:featuredmedia":[{"embeddable":true,"href":"https:\/\/www.caririemacao.com\/1\/wp-json\/wp\/v2\/media\/132232"}],"wp:attachment":[{"href":"https:\/\/www.caririemacao.com\/1\/wp-json\/wp\/v2\/media?parent=134607"}],"wp:term":[{"taxonomy":"category","embeddable":true,"href":"https:\/\/www.caririemacao.com\/1\/wp-json\/wp\/v2\/categories?post=134607"},{"taxonomy":"post_tag","embeddable":true,"href":"https:\/\/www.caririemacao.com\/1\/wp-json\/wp\/v2\/tags?post=134607"}],"curies":[{"name":"wp","href":"https:\/\/api.w.org\/{rel}","templated":true}]}}