{"id":134617,"date":"2019-11-12T12:17:05","date_gmt":"2019-11-12T15:17:05","guid":{"rendered":"http:\/\/www.caririemacao.com\/1\/?p=134617"},"modified":"2019-11-12T12:17:05","modified_gmt":"2019-11-12T15:17:05","slug":"sao-joao-do-tigre-mais-uma-pesquisa-aponta-vitoria-do-secretario-marcio-leite","status":"publish","type":"post","link":"https:\/\/www.caririemacao.com\/1\/2019\/11\/12\/sao-joao-do-tigre-mais-uma-pesquisa-aponta-vitoria-do-secretario-marcio-leite\/","title":{"rendered":"S\u00c3O JO\u00c3O DO TIGRE: Mais uma pesquisa aponta vit\u00f3ria do Secret\u00e1rio M\u00e1rcio Leite"},"content":{"rendered":"\n<p>Se as elei\u00e7\u00f5es fossem hoje em S\u00e3o Jo\u00e3o do Tigre, o Secret\u00e1rio M\u00e1rcio Leite seria eleito prefeito com 47% dos votos. \u00c9 o que aponta uma pesquisa realizada pelo site Cariri em A\u00e7\u00e3o, divulgada nesta segunda-feira (11).<\/p>\n\n\n\n<p>Em segundo lugar, aparece o vereador Ygor, com 11%. Roberto tem 4% dos votos entre os entrevistados e Sandra 2%. 36% n\u00e3o quis opinar.<\/p>\n\n\n\n<p><strong>REJEI\u00c7\u00c3O<\/strong><\/p>\n\n\n\n<p>Invertendo a pergunta e indagando em quem a popula\u00e7\u00e3o n\u00e3o votaria para prefeito, a rejei\u00e7\u00e3o ao nome de M\u00e1rcio \u00e9 de apenas 4%, enquanto que 32% n\u00e3o votariam em Roberto, 31% n\u00e3o votariam em Igor e 33% n\u00e3o votariam em Sandra.<\/p>\n","protected":false},"excerpt":{"rendered":"<p>Se as elei\u00e7\u00f5es fossem hoje em S\u00e3o Jo\u00e3o do Tigre, o Secret\u00e1rio M\u00e1rcio Leite seria eleito prefeito com 47% dos votos. \u00c9 o que aponta&hellip; <\/p>\n","protected":false},"author":1,"featured_media":134620,"comment_status":"closed","ping_status":"closed","sticky":false,"template":"","format":"standard","meta":{"sfsi_plus_gutenberg_text_before_share":"","sfsi_plus_gutenberg_show_text_before_share":"","sfsi_plus_gutenberg_icon_type":"","sfsi_plus_gutenberg_icon_alignemt":"","sfsi_plus_gutenburg_max_per_row":"","footnotes":""},"categories":[11],"tags":[],"class_list":["post-134617","post","type-post","status-publish","format-standard","has-post-thumbnail","hentry","category-politica"],"_links":{"self":[{"href":"https:\/\/www.caririemacao.com\/1\/wp-json\/wp\/v2\/posts\/134617","targetHints":{"allow":["GET"]}}],"collection":[{"href":"https:\/\/www.caririemacao.com\/1\/wp-json\/wp\/v2\/posts"}],"about":[{"href":"https:\/\/www.caririemacao.com\/1\/wp-json\/wp\/v2\/types\/post"}],"author":[{"embeddable":true,"href":"https:\/\/www.caririemacao.com\/1\/wp-json\/wp\/v2\/users\/1"}],"replies":[{"embeddable":true,"href":"https:\/\/www.caririemacao.com\/1\/wp-json\/wp\/v2\/comments?post=134617"}],"version-history":[{"count":1,"href":"https:\/\/www.caririemacao.com\/1\/wp-json\/wp\/v2\/posts\/134617\/revisions"}],"predecessor-version":[{"id":134621,"href":"https:\/\/www.caririemacao.com\/1\/wp-json\/wp\/v2\/posts\/134617\/revisions\/134621"}],"wp:featuredmedia":[{"embeddable":true,"href":"https:\/\/www.caririemacao.com\/1\/wp-json\/wp\/v2\/media\/134620"}],"wp:attachment":[{"href":"https:\/\/www.caririemacao.com\/1\/wp-json\/wp\/v2\/media?parent=134617"}],"wp:term":[{"taxonomy":"category","embeddable":true,"href":"https:\/\/www.caririemacao.com\/1\/wp-json\/wp\/v2\/categories?post=134617"},{"taxonomy":"post_tag","embeddable":true,"href":"https:\/\/www.caririemacao.com\/1\/wp-json\/wp\/v2\/tags?post=134617"}],"curies":[{"name":"wp","href":"https:\/\/api.w.org\/{rel}","templated":true}]}}