{"id":134717,"date":"2019-11-12T18:58:04","date_gmt":"2019-11-12T21:58:04","guid":{"rendered":"http:\/\/www.caririemacao.com\/1\/?p=134717"},"modified":"2019-11-12T18:58:04","modified_gmt":"2019-11-12T21:58:04","slug":"em-video-com-ricardo-lula-diz-que-estara-sempre-a-disposicao-do-nordeste-e-da-paraiba","status":"publish","type":"post","link":"https:\/\/www.caririemacao.com\/1\/2019\/11\/12\/em-video-com-ricardo-lula-diz-que-estara-sempre-a-disposicao-do-nordeste-e-da-paraiba\/","title":{"rendered":"Em v\u00eddeo com Ricardo, Lula diz que estar\u00e1 \u201csempre \u00e0 disposi\u00e7\u00e3o do Nordeste e da Para\u00edba\u201d"},"content":{"rendered":"\n<p>O ex-governador&nbsp;<strong>Ricardo Coutinho<\/strong>&nbsp;se reuniu, no final da manh\u00e3 de hoje (12\/11), com o&nbsp;<strong>ex-presidente Lula<\/strong>. Ap\u00f3s a conversa, Lula e Ricardo gravaram o v\u00eddeo abaixo. No v\u00eddeo, Lula envia uma mensagem de esperan\u00e7a a toda a Para\u00edba e a todo o Nordeste.<\/p>\n\n\n\n<p>Lula lembra de um epis\u00f3dio que, segundo ele, marcou sua vida para sempre na primeira vez que visitou a Para\u00edba, em Sousa.<\/p>\n\n\n\n<p>Segundo Lula, o \u201cpovo nordestino est\u00e1 predestinado a lutar sempre, porque os governantes brasileiros sempre esqueceram do Nordeste.\u201d Por isso, a regi\u00e3o foi uma das prioridades do seu governo:<\/p>\n\n\n\n<p><em>\u201cA coisa que eu tinha orgulho era fazer com que o Nordeste tivesse as mesmas oportunidades que o Sul e o Sudeste tiveram, por eu queria mais doutores, mais mestres, mais empregos, mais comida, mais obras no Nordeste. Foi por isso, que n\u00f3s fizemos a Transposi\u00e7\u00e3o do S\u00e3o Francisco para resolver o definitivamente o problema de 12 milh\u00f5es de pessoas.\u201d<\/em><\/p>\n\n\n\n<p>E Lula mostra que n\u00e3o est\u00e1 cansado da luta, pelo contr\u00e1rio.<\/p>\n\n\n\n<p>\u201cVoc\u00ea tenha certeza, Ricardo: eu estarei sempre \u00e0 disposi\u00e7\u00e3o do Nordeste e da Para\u00edba\u201d.<\/p>\n\n\n\n<p>Assista o v\u00eddeo abaixo e se encha de esperan\u00e7a com as palavras desse imenso brasileiro que se chama&nbsp;<strong>Lu\u00eds In\u00e1cio Lula Silva<\/strong>.<\/p>\n\n\n\n<figure><iframe width=\"640\" height=\"360\" data-src=\"https:\/\/www.youtube.com\/embed\/xZojTodEbX0?version=3&amp;rel=1&amp;fs=1&amp;autohide=2&amp;showsearch=0&amp;showinfo=1&amp;iv_load_policy=1&amp;wmode=transparent\" allowfullscreen=\"true\" src=\"data:image\/svg+xml;base64,PHN2ZyB3aWR0aD0iMSIgaGVpZ2h0PSIxIiB4bWxucz0iaHR0cDovL3d3dy53My5vcmcvMjAwMC9zdmciPjwvc3ZnPg==\" class=\"lazyload\" data-load-mode=\"1\"><\/iframe><\/figure>\n","protected":false},"excerpt":{"rendered":"<p>O ex-governador&nbsp;Ricardo Coutinho&nbsp;se reuniu, no final da manh\u00e3 de hoje (12\/11), com o&nbsp;ex-presidente Lula. Ap\u00f3s a conversa, Lula e Ricardo gravaram o v\u00eddeo abaixo. No&hellip; <\/p>\n","protected":false},"author":1,"featured_media":47067,"comment_status":"closed","ping_status":"closed","sticky":false,"template":"","format":"standard","meta":{"sfsi_plus_gutenberg_text_before_share":"","sfsi_plus_gutenberg_show_text_before_share":"","sfsi_plus_gutenberg_icon_type":"","sfsi_plus_gutenberg_icon_alignemt":"","sfsi_plus_gutenburg_max_per_row":"","footnotes":""},"categories":[50,2],"tags":[],"class_list":["post-134717","post","type-post","status-publish","format-standard","has-post-thumbnail","hentry","category-destaque","category-geral"],"_links":{"self":[{"href":"https:\/\/www.caririemacao.com\/1\/wp-json\/wp\/v2\/posts\/134717","targetHints":{"allow":["GET"]}}],"collection":[{"href":"https:\/\/www.caririemacao.com\/1\/wp-json\/wp\/v2\/posts"}],"about":[{"href":"https:\/\/www.caririemacao.com\/1\/wp-json\/wp\/v2\/types\/post"}],"author":[{"embeddable":true,"href":"https:\/\/www.caririemacao.com\/1\/wp-json\/wp\/v2\/users\/1"}],"replies":[{"embeddable":true,"href":"https:\/\/www.caririemacao.com\/1\/wp-json\/wp\/v2\/comments?post=134717"}],"version-history":[{"count":1,"href":"https:\/\/www.caririemacao.com\/1\/wp-json\/wp\/v2\/posts\/134717\/revisions"}],"predecessor-version":[{"id":134718,"href":"https:\/\/www.caririemacao.com\/1\/wp-json\/wp\/v2\/posts\/134717\/revisions\/134718"}],"wp:featuredmedia":[{"embeddable":true,"href":"https:\/\/www.caririemacao.com\/1\/wp-json\/wp\/v2\/media\/47067"}],"wp:attachment":[{"href":"https:\/\/www.caririemacao.com\/1\/wp-json\/wp\/v2\/media?parent=134717"}],"wp:term":[{"taxonomy":"category","embeddable":true,"href":"https:\/\/www.caririemacao.com\/1\/wp-json\/wp\/v2\/categories?post=134717"},{"taxonomy":"post_tag","embeddable":true,"href":"https:\/\/www.caririemacao.com\/1\/wp-json\/wp\/v2\/tags?post=134717"}],"curies":[{"name":"wp","href":"https:\/\/api.w.org\/{rel}","templated":true}]}}