{"id":134719,"date":"2019-11-12T18:59:54","date_gmt":"2019-11-12T21:59:54","guid":{"rendered":"http:\/\/www.caririemacao.com\/1\/?p=134719"},"modified":"2019-11-12T18:59:54","modified_gmt":"2019-11-12T21:59:54","slug":"policia-prende-homem-suspeito-de-envolvimento-na-morte-de-empresario-no-cariri","status":"publish","type":"post","link":"https:\/\/www.caririemacao.com\/1\/2019\/11\/12\/policia-prende-homem-suspeito-de-envolvimento-na-morte-de-empresario-no-cariri\/","title":{"rendered":"Pol\u00edcia prende homem suspeito de envolvimento na morte de empres\u00e1rio no Cariri"},"content":{"rendered":"\n<p>A Pol\u00edcia Civil da Para\u00edba, por meio da Delegacia de Serra Branca (vinculada \u00e0 14 DSPC\/MONTEIRO), deu cumprimento ao mandado de Pris\u00e3o relativo \u00e0 investiga\u00e7\u00e3o sobre o latroc\u00ednio que vitimou o serrabranquense e empres\u00e1rio Normando Pereira. O crime ocorreu no \u00faltimo dia 13 de junho, no interior da ch\u00e1cara da v\u00edtima, \u00e0s margens da BR 412, munic\u00edpio de Serra Branca.De acordo com informa\u00e7\u00f5es repassadas pelo Delegado Seccional, Dr. Cristiano Santana, o mandato de pris\u00e3o preventiva foi cumprido em desfavor de um homem de 41 anos. Ele \u00e9 investigado por participa\u00e7\u00e3o\/envolvimento no latroc\u00ednio.<\/p>\n\n\n\n<p><strong>ENTENDA O CASO<\/strong><\/p>\n\n\n\n<p>No dia 13\/06\/2019, Normando Pereira, de 40 anos, chegou \u00e0 sua ch\u00e1cara, localizada na cidade de Serra Branca, por volta das 18:00 horas, quando foi surpreendido por 02 (dois) criminosos que estavam no im\u00f3vel, subtraindo objetos\/dinheiro, vindo a ser baleado, fatalmente, por um dos lar\u00e1pios.As investiga\u00e7\u00f5es encontram-se em fase final, e, posteriormente, ap\u00f3s a conclus\u00e3o do inqu\u00e9rito policial, ser\u00e3o divulgados os nomes de todos os envolvidos. <\/p>\n","protected":false},"excerpt":{"rendered":"<p>A Pol\u00edcia Civil da Para\u00edba, por meio da Delegacia de Serra Branca (vinculada \u00e0 14 DSPC\/MONTEIRO), deu cumprimento ao mandado de Pris\u00e3o relativo \u00e0 investiga\u00e7\u00e3o&hellip; <\/p>\n","protected":false},"author":1,"featured_media":50551,"comment_status":"closed","ping_status":"closed","sticky":false,"template":"","format":"standard","meta":{"sfsi_plus_gutenberg_text_before_share":"","sfsi_plus_gutenberg_show_text_before_share":"","sfsi_plus_gutenberg_icon_type":"","sfsi_plus_gutenberg_icon_alignemt":"","sfsi_plus_gutenburg_max_per_row":"","footnotes":""},"categories":[12],"tags":[],"class_list":["post-134719","post","type-post","status-publish","format-standard","has-post-thumbnail","hentry","category-policia"],"_links":{"self":[{"href":"https:\/\/www.caririemacao.com\/1\/wp-json\/wp\/v2\/posts\/134719","targetHints":{"allow":["GET"]}}],"collection":[{"href":"https:\/\/www.caririemacao.com\/1\/wp-json\/wp\/v2\/posts"}],"about":[{"href":"https:\/\/www.caririemacao.com\/1\/wp-json\/wp\/v2\/types\/post"}],"author":[{"embeddable":true,"href":"https:\/\/www.caririemacao.com\/1\/wp-json\/wp\/v2\/users\/1"}],"replies":[{"embeddable":true,"href":"https:\/\/www.caririemacao.com\/1\/wp-json\/wp\/v2\/comments?post=134719"}],"version-history":[{"count":1,"href":"https:\/\/www.caririemacao.com\/1\/wp-json\/wp\/v2\/posts\/134719\/revisions"}],"predecessor-version":[{"id":134720,"href":"https:\/\/www.caririemacao.com\/1\/wp-json\/wp\/v2\/posts\/134719\/revisions\/134720"}],"wp:featuredmedia":[{"embeddable":true,"href":"https:\/\/www.caririemacao.com\/1\/wp-json\/wp\/v2\/media\/50551"}],"wp:attachment":[{"href":"https:\/\/www.caririemacao.com\/1\/wp-json\/wp\/v2\/media?parent=134719"}],"wp:term":[{"taxonomy":"category","embeddable":true,"href":"https:\/\/www.caririemacao.com\/1\/wp-json\/wp\/v2\/categories?post=134719"},{"taxonomy":"post_tag","embeddable":true,"href":"https:\/\/www.caririemacao.com\/1\/wp-json\/wp\/v2\/tags?post=134719"}],"curies":[{"name":"wp","href":"https:\/\/api.w.org\/{rel}","templated":true}]}}