{"id":134730,"date":"2019-11-12T19:11:37","date_gmt":"2019-11-12T22:11:37","guid":{"rendered":"http:\/\/www.caririemacao.com\/1\/?p=134730"},"modified":"2019-11-12T19:11:37","modified_gmt":"2019-11-12T22:11:37","slug":"prefeito-souzinha-anuncia-reforma-administrativa-e-ipserb-ganha-nova-direcao","status":"publish","type":"post","link":"https:\/\/www.caririemacao.com\/1\/2019\/11\/12\/prefeito-souzinha-anuncia-reforma-administrativa-e-ipserb-ganha-nova-direcao\/","title":{"rendered":"Prefeito Souzinha anuncia reforma administrativa e IPSERB ganha nova dire\u00e7\u00e3o"},"content":{"rendered":"\n<p>O prefeito de cidade de Serra Branca, Vicente Fialho (Souzinha) anunciou nesta ter\u00e7a-feira (12) que iniciou uma reforma administrativa no seu governo.<\/p>\n\n\n\n<p>As mudan\u00e7as na gest\u00e3o come\u00e7aram pelo Instituto de Previd\u00eancia de Serra Branca (IPSERB) onde o prefeito exonerou o Presidente Ronaldo Pinto e todo o quadro de funcion\u00e1rios indicados. Quem assume a dire\u00e7\u00e3o do instituto agora \u00e9 a servidora, Kalyne Gai\u00e3o.<\/p>\n\n\n\n<p>O gestor lembrou que durante a campanha prometeu ao povo serra-branquense que as \u00e1reas que n\u00e3o estivessem oferecendo um bom funcionamento poderiam sofrer altera\u00e7\u00f5es. Al\u00e9m disso, Souzinha revelou que outro motivo da reforma \u00e9 para retirar pessoas que, por interesses pol\u00edticos, fazem boicote e atuam contra a pr\u00f3pria gest\u00e3o.<\/p>\n\n\n\n<p>Souzinha voltou a falar que n\u00e3o est\u00e1 preocupado com reelei\u00e7\u00e3o e que seu maior prop\u00f3sito no momento \u00e9 realizar uma boa administra\u00e7\u00e3o pela cidade de Serra Branca.<\/p>\n\n\n\n<p>A gest\u00e3o confirmou que novas mudan\u00e7as em outras \u00e1reas do governo municipal devem acontecer em breve.<\/p>\n\n\n\n<p>As declara\u00e7\u00f5es foram dadas ao Jornal do Meio Dia da Serra Branca FM, em entrevista exclusiva ao radialista J\u00fanior Queiroz.<\/p>\n\n\n\n<p>Para\u00edba Mix<\/p>\n","protected":false},"excerpt":{"rendered":"<p>O prefeito de cidade de Serra Branca, Vicente Fialho (Souzinha) anunciou nesta ter\u00e7a-feira (12) que iniciou uma reforma administrativa no seu governo. As mudan\u00e7as na&hellip; <\/p>\n","protected":false},"author":1,"featured_media":134731,"comment_status":"closed","ping_status":"closed","sticky":false,"template":"","format":"standard","meta":{"sfsi_plus_gutenberg_text_before_share":"","sfsi_plus_gutenberg_show_text_before_share":"","sfsi_plus_gutenberg_icon_type":"","sfsi_plus_gutenberg_icon_alignemt":"","sfsi_plus_gutenburg_max_per_row":"","footnotes":""},"categories":[2],"tags":[],"class_list":["post-134730","post","type-post","status-publish","format-standard","has-post-thumbnail","hentry","category-geral"],"_links":{"self":[{"href":"https:\/\/www.caririemacao.com\/1\/wp-json\/wp\/v2\/posts\/134730","targetHints":{"allow":["GET"]}}],"collection":[{"href":"https:\/\/www.caririemacao.com\/1\/wp-json\/wp\/v2\/posts"}],"about":[{"href":"https:\/\/www.caririemacao.com\/1\/wp-json\/wp\/v2\/types\/post"}],"author":[{"embeddable":true,"href":"https:\/\/www.caririemacao.com\/1\/wp-json\/wp\/v2\/users\/1"}],"replies":[{"embeddable":true,"href":"https:\/\/www.caririemacao.com\/1\/wp-json\/wp\/v2\/comments?post=134730"}],"version-history":[{"count":1,"href":"https:\/\/www.caririemacao.com\/1\/wp-json\/wp\/v2\/posts\/134730\/revisions"}],"predecessor-version":[{"id":134732,"href":"https:\/\/www.caririemacao.com\/1\/wp-json\/wp\/v2\/posts\/134730\/revisions\/134732"}],"wp:featuredmedia":[{"embeddable":true,"href":"https:\/\/www.caririemacao.com\/1\/wp-json\/wp\/v2\/media\/134731"}],"wp:attachment":[{"href":"https:\/\/www.caririemacao.com\/1\/wp-json\/wp\/v2\/media?parent=134730"}],"wp:term":[{"taxonomy":"category","embeddable":true,"href":"https:\/\/www.caririemacao.com\/1\/wp-json\/wp\/v2\/categories?post=134730"},{"taxonomy":"post_tag","embeddable":true,"href":"https:\/\/www.caririemacao.com\/1\/wp-json\/wp\/v2\/tags?post=134730"}],"curies":[{"name":"wp","href":"https:\/\/api.w.org\/{rel}","templated":true}]}}