{"id":134738,"date":"2019-11-12T21:53:51","date_gmt":"2019-11-13T00:53:51","guid":{"rendered":"http:\/\/www.caririemacao.com\/1\/?p=134738"},"modified":"2019-11-12T21:53:57","modified_gmt":"2019-11-13T00:53:57","slug":"tentativa-de-homicidio-em-sume","status":"publish","type":"post","link":"https:\/\/www.caririemacao.com\/1\/2019\/11\/12\/tentativa-de-homicidio-em-sume\/","title":{"rendered":"Tentativa de homic\u00eddio em Sum\u00e9"},"content":{"rendered":"\n<p>Jo\u00e3o Paulo Rodrigues desferiu um tiro de espingarda calibre 22 em Adenilson Marinho da Silva (foto)35 ano,s morador da V\u00e1rzea Redonda pr\u00f3ximo ao Jacint\u00e3o.<\/p>\n\n\n\n<p>O tiro pegou na regi\u00e3o p\u00e9lvica e transpassou. Mesmo consciente e orientado Adenilson ser\u00e1 transferido para Campina Grande.<\/p>\n\n\n\n<p>O acusado foi preso em flagrante j\u00e1 est\u00e1 na Delegacia pra ser ouvido pelo Delegado de plant\u00e3o,a arma foi apreendida. <\/p>\n\n\n\n<p>CARIRI EM A\u00c7\u00c3O com Jacqueline Oliveira<\/p>\n","protected":false},"excerpt":{"rendered":"<p>Jo\u00e3o Paulo Rodrigues desferiu um tiro de espingarda calibre 22 em Adenilson Marinho da Silva (foto)35 ano,s morador da V\u00e1rzea Redonda pr\u00f3ximo ao Jacint\u00e3o. O&hellip; <\/p>\n","protected":false},"author":2,"featured_media":134739,"comment_status":"closed","ping_status":"closed","sticky":false,"template":"","format":"standard","meta":{"sfsi_plus_gutenberg_text_before_share":"","sfsi_plus_gutenberg_show_text_before_share":"","sfsi_plus_gutenberg_icon_type":"","sfsi_plus_gutenberg_icon_alignemt":"","sfsi_plus_gutenburg_max_per_row":"","footnotes":""},"categories":[50,12],"tags":[],"class_list":["post-134738","post","type-post","status-publish","format-standard","has-post-thumbnail","hentry","category-destaque","category-policia"],"_links":{"self":[{"href":"https:\/\/www.caririemacao.com\/1\/wp-json\/wp\/v2\/posts\/134738","targetHints":{"allow":["GET"]}}],"collection":[{"href":"https:\/\/www.caririemacao.com\/1\/wp-json\/wp\/v2\/posts"}],"about":[{"href":"https:\/\/www.caririemacao.com\/1\/wp-json\/wp\/v2\/types\/post"}],"author":[{"embeddable":true,"href":"https:\/\/www.caririemacao.com\/1\/wp-json\/wp\/v2\/users\/2"}],"replies":[{"embeddable":true,"href":"https:\/\/www.caririemacao.com\/1\/wp-json\/wp\/v2\/comments?post=134738"}],"version-history":[{"count":2,"href":"https:\/\/www.caririemacao.com\/1\/wp-json\/wp\/v2\/posts\/134738\/revisions"}],"predecessor-version":[{"id":134741,"href":"https:\/\/www.caririemacao.com\/1\/wp-json\/wp\/v2\/posts\/134738\/revisions\/134741"}],"wp:featuredmedia":[{"embeddable":true,"href":"https:\/\/www.caririemacao.com\/1\/wp-json\/wp\/v2\/media\/134739"}],"wp:attachment":[{"href":"https:\/\/www.caririemacao.com\/1\/wp-json\/wp\/v2\/media?parent=134738"}],"wp:term":[{"taxonomy":"category","embeddable":true,"href":"https:\/\/www.caririemacao.com\/1\/wp-json\/wp\/v2\/categories?post=134738"},{"taxonomy":"post_tag","embeddable":true,"href":"https:\/\/www.caririemacao.com\/1\/wp-json\/wp\/v2\/tags?post=134738"}],"curies":[{"name":"wp","href":"https:\/\/api.w.org\/{rel}","templated":true}]}}