{"id":134749,"date":"2019-11-13T08:36:25","date_gmt":"2019-11-13T11:36:25","guid":{"rendered":"http:\/\/www.caririemacao.com\/1\/?p=134749"},"modified":"2019-11-13T08:36:25","modified_gmt":"2019-11-13T11:36:25","slug":"bolsonaro-recebe-lideres-do-brics-a-partir-desta-quarta-para-reuniao-de-cupula-do-bloco","status":"publish","type":"post","link":"https:\/\/www.caririemacao.com\/1\/2019\/11\/13\/bolsonaro-recebe-lideres-do-brics-a-partir-desta-quarta-para-reuniao-de-cupula-do-bloco\/","title":{"rendered":"Bolsonaro recebe l\u00edderes do Brics a partir desta quarta para reuni\u00e3o de c\u00fapula do bloco"},"content":{"rendered":"\n<p>O presidente Jair Bolsonaro se reunir\u00e1 a partir desta quarta-feira (13) em Bras\u00edlia com os l\u00edderes do Brics, grupo que re\u00fane Brasil, R\u00fassia, \u00cdndia, China e \u00c1frica do Sul.<\/p>\n\n\n\n<p>A programa\u00e7\u00e3o da 11\u00aa C\u00fapula do Brics vai at\u00e9 esta quinta (14) no Pal\u00e1cio Itamaraty, sede do Minist\u00e9rio das Rela\u00e7\u00f5es Exteriores.<\/p>\n\n\n\n<p>Na pauta da c\u00fapula ent\u00e3o temas como futuro do bloco; crise na Venezuela; crise na Bol\u00edvia; s\u00e9rie de protestos em Hong Kong e na Caxemira; e mudan\u00e7as clim\u00e1ticas. Bolsonaro tamb\u00e9m ter\u00e1 reuni\u00f5es separadas com cada chefe de Estado ou de governo do bloco.<\/p>\n\n\n\n<p>Al\u00e9m de Bolsonaro, participar\u00e3o do encontro do Brics:<br>\u00b7Vladimir Putin, presidente da R\u00fassia;<br>\u00b7Narendra Modi, primeiro-ministro da \u00cdndia;<br>\u00b7Xi Jinping, presidente da China;<br>\u00b7Cyril Ramaphosa, presidente da \u00c1frica do Sul.<\/p>\n\n\n\n<p>Fundado em 2006 como Bric, o bloco de pa\u00edses emergentes incluiu a \u00c1frica do Sul em 2011 e passou a se chamar Brics. Desde 2009, os l\u00edderes do grupo se re\u00fanem anualmente.<\/p>\n\n\n\n<p>Al\u00e9m das reuni\u00f5es dos chefes de Estado e de governo do bloco, Bras\u00edlia recebeu neste ano o f\u00f3rum empresarial do Brics, com empres\u00e1rios, investidores e representantes dos pa\u00edses.<\/p>\n\n\n\n<p>O governo brasileiro decidiu, contudo, suspender os eventos paralelos \u00e0 c\u00fapula que, desde 2013, convidavam pa\u00edses de fora do Brics para debates ampliados. Segundo o Minist\u00e9rio das Rela\u00e7\u00f5es Exteriores, a mudan\u00e7a serviu para &#8220;concentrar esfor\u00e7os nos temas internos do bloco&#8221;.<\/p>\n\n\n\n<p>Presid\u00eancia brasileira<\/p>\n\n\n\n<p>O Brasil est\u00e1 na presid\u00eancia rotativa dos Brics em 2019 e, segundo o Itamaraty, busca deixar a marca de &#8220;pragmatismo&#8221; no mandato. Passados mais de dez meses, no entanto, os &#8220;resultados concretos e percept\u00edveis como \u00fateis \u00e0 sociedade&#8221; s\u00e3o considerados t\u00edmidos por integrantes do governo.<\/p>\n\n\n\n<p>Os maiores avan\u00e7os foram em temas de sa\u00fade. Desde janeiro, os cinco pa\u00edses lan\u00e7aram as bases para uma rede de bancos de leite humano \u2013 tema no qual o Brasil \u00e9 refer\u00eancia mundial. Tamb\u00e9m h\u00e1 esfor\u00e7os para a pesquisa integrada de diagn\u00f3sticos e medicamentos de combate \u00e0 tuberculose.<\/p>\n\n\n\n<p>&#8220;O Brics responde por metade dos casos de tuberculose do mundo, at\u00e9 pelo tamanho das popula\u00e7\u00f5es&#8221;, afirmou o secret\u00e1rio de Pol\u00edtica Externa Comercial e Econ\u00f4mica do Itamaraty, Norberto Moretti.<\/p>\n\n\n\n<p>Em outras \u00e1reas definidas como priorit\u00e1rias pelo Brasil, como o combate ao terrorismo e o fomento \u00e0 inova\u00e7\u00e3o, o mandato deve terminar sem avan\u00e7os palp\u00e1veis. Em 2020, a presid\u00eancia do Brics ser\u00e1 exercida pela R\u00fassia.<\/p>\n\n\n\n<p>Venezuela e Bol\u00edvia<\/p>\n\n\n\n<p>O Brasil deve aproveitar a c\u00fapula do Brics para tentar enfraquecer o apoio ao regime de Nicol\u00e1s Maduro na Venezuela. Dos cinco pa\u00edses do bloco, somente o Brasil reconhece o l\u00edder da oposi\u00e7\u00e3o venezuelana, Juan Guaid\u00f3, como presidente do pa\u00eds. Essa foi a mesma oposi\u00e7\u00e3o dos Estados Unidos.<\/p>\n\n\n\n<p>Atualmente, R\u00fassia e China s\u00e3o os principais parceiros externos de Maduro.<\/p>\n\n\n\n<p>A crise na Bol\u00edvia, com a ren\u00fancia de Evo Moraes, tamb\u00e9m dever\u00e1 ser debatida no encontro.China e R\u00fassia mantinham rela\u00e7\u00f5es pr\u00f3ximas com Evo e j\u00e1 usaram o termo &#8220;golpe&#8221; em refer\u00eancia aos questionamentos \u00e0 reelei\u00e7\u00e3o dele. Bolsonaro, por exemplo, questionou a reelei\u00e7\u00e3o.<\/p>\n\n\n\n<p>Mudan\u00e7as clim\u00e1ticas<\/p>\n\n\n\n<p>A reuni\u00e3o do Brics tamb\u00e9m dever\u00e1 discutir as mudan\u00e7as clim\u00e1ticas. Os cinco pa\u00edses s\u00e3o signat\u00e1rios do Acordo de Paris e adotaram metas volunt\u00e1rias de redu\u00e7\u00e3o das emiss\u00f5es de carbono.<\/p>\n\n\n\n<p>Nos \u00faltimos meses, R\u00fassia e China criticaram a decis\u00e3o dos Estados Unidos de deixar acordo. O atual governo brasileiro \u00e9 alinhado ao governo de Donald Trump, e Bolsonaro j\u00e1 criticou o acordo diversas vezes.<\/p>\n\n\n\n<p>Desafios do Brics<\/p>\n\n\n\n<p>Um dos desafios da c\u00fapula \u00e9 viabilizar a relev\u00e2ncia do bloco no contexto global. Em entrevista \u00e0 BBC News Brasil, o economista brit\u00e2nico Jim O&#8217;Neill questionou o resultado pr\u00e1ticos das reuni\u00f5es dos pa\u00edses e defendeu a\u00e7\u00f5es conjuntas para problemas que t\u00eam em comum.<\/p>\n\n\n\n<p>&#8220;Eles geralmente parecem desfrutar apenas do simbolismo da reuni\u00e3o, em vez de realmente adotar pol\u00edticas. Eu disse a um amigo na semana passada: &#8216;algu\u00e9m notaria se n\u00e3o houvesse reuni\u00e3o do Brics?'&#8221;, afirmou.<\/p>\n\n\n\n<p>Na \u00e1rea econ\u00f4mica, uma das principais a\u00e7\u00f5es foi a cria\u00e7\u00e3o, em 2014, do Novo Banco de Desenvolvimento (NDB), o banco do Brics, que ter\u00e1 um escrit\u00f3rio regional no Brasil.<\/p>\n\n\n\n<p>O chanceler Ernesto Ara\u00fajo declarou em julho que o investimento do banco em infraestrutura est\u00e1 abaixo do esperado. A expectativa era de que houvesse libera\u00e7\u00e3o de mais de US$ 1 bilh\u00e3o, por\u00e9m, na pr\u00e1tica, foram cerca de US$ 600 milh\u00f5es.<\/p>\n\n\n\n<p>Programa\u00e7\u00e3o<\/p>\n\n\n\n<p>Nesta quarta (13), o presidente Jair Bolsonaro passar\u00e1 a manh\u00e3 em reuni\u00e3o com o premi\u00ea chin\u00eas, Xi Jinping. Os dois se reuniram em outubro, na China, quando Bolsonaro esteve na \u00c1sia e no oriente M\u00e9dio.<\/p>\n\n\n\n<p>Ainda na tarde desta quarta, Bolsonaro recebe o primeiro-ministro indiano Narendra Modi em audi\u00eancia no Pal\u00e1cio do Planalto. Em seguida, os l\u00edderes tamb\u00e9m participam do encerramento de um f\u00f3rum que, segundo o Itamaraty, re\u00fane cerca de 500 empres\u00e1rios dos cinco pa\u00edses.<\/p>\n\n\n\n<p>A C\u00fapula do Brics em si acontece na manh\u00e3 de quinta. Bolsonaro, Ramaphosa, Xi Jinping, Putin e Modi fazem uma reuni\u00e3o a portas fechadas e sigilosa, seguida de uma reuni\u00e3o aberta e com transmiss\u00e3o.<\/p>\n\n\n\n<p>Ao fim, os l\u00edderes assinar\u00e3o a Declara\u00e7\u00e3o de Bras\u00edlia, um documento com as conclus\u00f5es do encontro. O teor desse texto j\u00e1 vem sendo discutido h\u00e1 semanas pelos \u201csherpas\u201d, nome dado ao principal negociador de cada pa\u00eds no bloco.<\/p>\n\n\n\n<p>Na tarde de quinta, j\u00e1 ap\u00f3s a C\u00fapula, Bolsonaro ter\u00e1 reuni\u00f5es separadas com os presidentes da R\u00fassia, Vladimir Putin, e da \u00c1frica do Sul, Cyril Ramaphosa.<\/p>\n","protected":false},"excerpt":{"rendered":"<p>O presidente Jair Bolsonaro se reunir\u00e1 a partir desta quarta-feira (13) em Bras\u00edlia com os l\u00edderes do Brics, grupo que re\u00fane Brasil, R\u00fassia, \u00cdndia, China&hellip; <\/p>\n","protected":false},"author":1,"featured_media":129640,"comment_status":"closed","ping_status":"closed","sticky":false,"template":"","format":"standard","meta":{"sfsi_plus_gutenberg_text_before_share":"","sfsi_plus_gutenberg_show_text_before_share":"","sfsi_plus_gutenberg_icon_type":"","sfsi_plus_gutenberg_icon_alignemt":"","sfsi_plus_gutenburg_max_per_row":"","footnotes":""},"categories":[11],"tags":[],"class_list":["post-134749","post","type-post","status-publish","format-standard","has-post-thumbnail","hentry","category-politica"],"_links":{"self":[{"href":"https:\/\/www.caririemacao.com\/1\/wp-json\/wp\/v2\/posts\/134749","targetHints":{"allow":["GET"]}}],"collection":[{"href":"https:\/\/www.caririemacao.com\/1\/wp-json\/wp\/v2\/posts"}],"about":[{"href":"https:\/\/www.caririemacao.com\/1\/wp-json\/wp\/v2\/types\/post"}],"author":[{"embeddable":true,"href":"https:\/\/www.caririemacao.com\/1\/wp-json\/wp\/v2\/users\/1"}],"replies":[{"embeddable":true,"href":"https:\/\/www.caririemacao.com\/1\/wp-json\/wp\/v2\/comments?post=134749"}],"version-history":[{"count":1,"href":"https:\/\/www.caririemacao.com\/1\/wp-json\/wp\/v2\/posts\/134749\/revisions"}],"predecessor-version":[{"id":134751,"href":"https:\/\/www.caririemacao.com\/1\/wp-json\/wp\/v2\/posts\/134749\/revisions\/134751"}],"wp:featuredmedia":[{"embeddable":true,"href":"https:\/\/www.caririemacao.com\/1\/wp-json\/wp\/v2\/media\/129640"}],"wp:attachment":[{"href":"https:\/\/www.caririemacao.com\/1\/wp-json\/wp\/v2\/media?parent=134749"}],"wp:term":[{"taxonomy":"category","embeddable":true,"href":"https:\/\/www.caririemacao.com\/1\/wp-json\/wp\/v2\/categories?post=134749"},{"taxonomy":"post_tag","embeddable":true,"href":"https:\/\/www.caririemacao.com\/1\/wp-json\/wp\/v2\/tags?post=134749"}],"curies":[{"name":"wp","href":"https:\/\/api.w.org\/{rel}","templated":true}]}}