{"id":134772,"date":"2019-11-13T08:40:38","date_gmt":"2019-11-13T11:40:38","guid":{"rendered":"http:\/\/www.caririemacao.com\/1\/?p=134772"},"modified":"2019-11-13T08:40:38","modified_gmt":"2019-11-13T11:40:38","slug":"governo-federal-investe-r-14-bilhao-na-transposicao-do-sao-francisco","status":"publish","type":"post","link":"https:\/\/www.caririemacao.com\/1\/2019\/11\/13\/governo-federal-investe-r-14-bilhao-na-transposicao-do-sao-francisco\/","title":{"rendered":"Governo federal investe R$ 1,4 bilh\u00e3o na transposi\u00e7\u00e3o do S\u00e3o Francisco"},"content":{"rendered":"\n<p>O Minist\u00e9rio do Desenvolvimento Regional (MDR) informou, em nota divulgada nesta ter\u00e7a-feira (12), que o governo federal est\u00e1 destinando R$ 144 milh\u00f5es para assegurar a execu\u00e7\u00e3o de servi\u00e7os do Projeto de Integra\u00e7\u00e3o do Rio S\u00e3o Francisco e outras obras que garantir\u00e3o o abastecimento da popula\u00e7\u00e3o nos estados de Pernambuco, do Cear\u00e1, da Para\u00edba e de Alagoas.&nbsp;<\/p>\n\n\n\n<p>Com esses recursos, os investimentos em projetos para refor\u00e7ar o abastecimento de \u00e1gua no Nordeste somam R$ 1,4 bilh\u00e3o em 2019.<\/p>\n\n\n\n<p>O montante contabiliza investimentos para opera\u00e7\u00e3o e manuten\u00e7\u00e3o da transposi\u00e7\u00e3o do Rio S\u00e3o Francisco nos dois eixos do projeto (Norte e Leste), a recupera\u00e7\u00e3o de reservat\u00f3rios considerados estrat\u00e9gicos e outras obras para ampliar a oferta de \u00e1gua na regi\u00e3o. As primeiras obras da transposi\u00e7\u00e3o foram iniciadas em 2007 pelo Ex\u00e9rcito.<\/p>\n\n\n\n<p>O Eixo Norte \u00e9 um canal de 400 quil\u00f4metros que faz a capta\u00e7\u00e3o de \u00e1guas pr\u00f3ximo \u00e0 cidade de Cabrob\u00f3 (oeste de Pernambuco) para alimenta\u00e7\u00e3o dos rios Salgado e Jaguaribe, com a finalidade de levar \u00e1gua a reservat\u00f3rios no Cear\u00e1, no Rio Grande do Norte e na Para\u00edba. No Eixo Leste, o canal, que tem mais de 200 quil\u00f4metros, leva \u00e1gua ao Rio Para\u00edba para abastecer reservat\u00f3rios em Pernambuco e na Para\u00edba.<\/p>\n\n\n\n<p>Al\u00e9m de viabilizar o fornecimento de \u00e1gua, a execu\u00e7\u00e3o das obras gera emprego na regi\u00e3o. Em Pernambuco, foram aplicados R$ 24,2 milh\u00f5es no Ramal do Agreste (Eixo Leste), que emprega 2,6 mil trabalhadores. S\u00f3 no estado, a obra leva \u00e1guas do S\u00e3o Francisco \u201ca mais 2,2 milh\u00f5es de pessoas em 68 munic\u00edpios\u201d, informa o MDR.<\/p>\n\n\n\n<p>Tamb\u00e9m este ano, os investimentos somam cerca de R$ 77 milh\u00f5es no Cintur\u00e3o das \u00c1guas do Cear\u00e1 (CAC). \u201cA expectativa \u00e9 que, no primeiro trimestre do pr\u00f3ximo ano, a \u00e1gua esteja dispon\u00edvel no Reservat\u00f3rio Jati (&#8230;) beneficiando os munic\u00edpios abastecidos pelo Rio Jaguaribe e a Regi\u00e3o Metropolitana de Fortaleza &#8211; cerca de 4,5 milh\u00f5es de pessoas\u201d, diz a pasta.<\/p>\n\n\n\n<p>J\u00e1 o Canal do Sert\u00e3o Alagoano totaliza R$ 84,1 milh\u00f5es de investimentos em 2019. Os recursos visam ao funcionamento de um sistema adutor (transporte da \u00e1gua) com capta\u00e7\u00e3o no reservat\u00f3rio da Usina Hidrel\u00e9trica de Moxot\u00f3. De acordo com descri\u00e7\u00e3o da pasta do Desenvolvimento Regional, essa estrutura parte do munic\u00edpio de Delmiro Gouveia e segue at\u00e9 a cidade de Arapiraca \u201ce atender\u00e1 mais de 1 milh\u00e3o de moradores em 42 munic\u00edpios alagoanos\u201d.<\/p>\n\n\n\n<p>Na Para\u00edba, o projeto Vertente Litor\u00e2nea totalizar\u00e1 R$ 36,3 milh\u00f5es do minist\u00e9rio em 2019. Esse sistema adutor vai integrar bacias litor\u00e2neas com as \u00e1guas do Eixo Leste do Projeto S\u00e3o Francisco disponibilizadas no Rio Para\u00edba, ap\u00f3s abastecer o Reservat\u00f3rio Epit\u00e1cio Pessoa, em Boqueir\u00e3o, na Para\u00edba. \u201cQuando conclu\u00eddas, as obras ir\u00e3o beneficiar uma popula\u00e7\u00e3o de 630 mil habitantes, com abastecimento humano e \u00e1gua para irriga\u00e7\u00e3o e ind\u00fastria\u201d, prev\u00ea o MDR.<\/p>\n","protected":false},"excerpt":{"rendered":"<p>O Minist\u00e9rio do Desenvolvimento Regional (MDR) informou, em nota divulgada nesta ter\u00e7a-feira (12), que o governo federal est\u00e1 destinando R$ 144 milh\u00f5es para assegurar a&hellip; <\/p>\n","protected":false},"author":1,"featured_media":134774,"comment_status":"closed","ping_status":"closed","sticky":false,"template":"","format":"standard","meta":{"sfsi_plus_gutenberg_text_before_share":"","sfsi_plus_gutenberg_show_text_before_share":"","sfsi_plus_gutenberg_icon_type":"","sfsi_plus_gutenberg_icon_alignemt":"","sfsi_plus_gutenburg_max_per_row":"","footnotes":""},"categories":[2],"tags":[],"class_list":["post-134772","post","type-post","status-publish","format-standard","has-post-thumbnail","hentry","category-geral"],"_links":{"self":[{"href":"https:\/\/www.caririemacao.com\/1\/wp-json\/wp\/v2\/posts\/134772","targetHints":{"allow":["GET"]}}],"collection":[{"href":"https:\/\/www.caririemacao.com\/1\/wp-json\/wp\/v2\/posts"}],"about":[{"href":"https:\/\/www.caririemacao.com\/1\/wp-json\/wp\/v2\/types\/post"}],"author":[{"embeddable":true,"href":"https:\/\/www.caririemacao.com\/1\/wp-json\/wp\/v2\/users\/1"}],"replies":[{"embeddable":true,"href":"https:\/\/www.caririemacao.com\/1\/wp-json\/wp\/v2\/comments?post=134772"}],"version-history":[{"count":1,"href":"https:\/\/www.caririemacao.com\/1\/wp-json\/wp\/v2\/posts\/134772\/revisions"}],"predecessor-version":[{"id":134775,"href":"https:\/\/www.caririemacao.com\/1\/wp-json\/wp\/v2\/posts\/134772\/revisions\/134775"}],"wp:featuredmedia":[{"embeddable":true,"href":"https:\/\/www.caririemacao.com\/1\/wp-json\/wp\/v2\/media\/134774"}],"wp:attachment":[{"href":"https:\/\/www.caririemacao.com\/1\/wp-json\/wp\/v2\/media?parent=134772"}],"wp:term":[{"taxonomy":"category","embeddable":true,"href":"https:\/\/www.caririemacao.com\/1\/wp-json\/wp\/v2\/categories?post=134772"},{"taxonomy":"post_tag","embeddable":true,"href":"https:\/\/www.caririemacao.com\/1\/wp-json\/wp\/v2\/tags?post=134772"}],"curies":[{"name":"wp","href":"https:\/\/api.w.org\/{rel}","templated":true}]}}