{"id":134782,"date":"2019-11-13T08:42:19","date_gmt":"2019-11-13T11:42:19","guid":{"rendered":"http:\/\/www.caririemacao.com\/1\/?p=134782"},"modified":"2019-11-13T08:42:19","modified_gmt":"2019-11-13T11:42:19","slug":"governo-diz-que-estimula-estados-a-reduzirem-icms-de-combustivel","status":"publish","type":"post","link":"https:\/\/www.caririemacao.com\/1\/2019\/11\/13\/governo-diz-que-estimula-estados-a-reduzirem-icms-de-combustivel\/","title":{"rendered":"Governo diz que estimula estados a reduzirem ICMS de combust\u00edvel"},"content":{"rendered":"\n<p>&nbsp;O ministro da Infraestrutura, Tarc\u00edsio de Freitas, afirmou nesta ter\u00e7a-feira (12) que o governo federal vem estimulando estados a reduzir a al\u00edquota de ICMS (Imposto sobre Circula\u00e7\u00e3o de Mercadorias e Servi\u00e7os) para o querosene de avia\u00e7\u00e3o, em um esfor\u00e7o para ampliar a competitividade do setor de avia\u00e7\u00e3o no pa\u00eds.<br><\/p>\n\n\n\n<p>&#8220;S\u00e3o Paulo j\u00e1 o fez e o Rio de Janeiro est\u00e1 anunciando hoje&#8221;, afirmou, durante discurso em semin\u00e1rio promovido pelo Cebri (Centro Brasileiro de Rela\u00e7\u00f5es Internacionais) e o BNDES (Banco Nacional de Desenvolvimento Econ\u00f4mico e Social), no Rio.<\/p>\n\n\n\n<p>O estado carioca anunciou a redu\u00e7\u00e3o na tarifa na tarde desta ter\u00e7a, em solenidade no Pal\u00e1cio Guanabara. Segundo o Rio de Janeiro, o objetivo \u00e9 movimentar a economia por meio do aumento do n\u00famero de voos. O decreto faz o ICMS cair de 12% para at\u00e9 7%.<\/p>\n\n\n\n<p>O Rio arrecada anualmente cerca de R$ 160 milh\u00f5es com ICMS sobre o querosene de avia\u00e7\u00e3o, mas espera aumentar o valor em longo prazo com a redu\u00e7\u00e3o na al\u00edquota. De acordo com o secret\u00e1rio de Fazenda, Luiz Claudio Rodrigues Carvalho, haver\u00e1 uma arrecada\u00e7\u00e3o direta, gera\u00e7\u00e3o de emprego e renda a partir do incentivo.<\/p>\n\n\n\n<p>Ter\u00e3o o percentual de 7% as novas empresas que chegarem ao Rio, al\u00e9m das companhias de transporte a\u00e9reo de carga e os aeroportos do interior do estado. As demais ter\u00e3o tributa\u00e7\u00e3o concedida conforme a expans\u00e3o e ter\u00e3o de ampliar em pelo menos 15% a oferta de assentos no Rio de Janeiro.<\/p>\n\n\n\n<p>S\u00e3o Paulo j\u00e1 havia reduzido a tarifa anteriormente. Em fevereiro, o governador Jo\u00e3o Doria anunciou a redu\u00e7\u00e3o de 25% para 12% na al\u00edquota do ICSM sobre o querosene de avia\u00e7\u00e3o em voos dom\u00e9sticos no estado.&nbsp;<\/p>\n\n\n\n<p>A medida impactou cidades do interior, como Franca e Barretos, que come\u00e7aram a ter voos operados por pequenas aeronaves com destino ao aeroporto de Congonhas, na capital.<br><\/p>\n\n\n\n<p>As duas cidades fazem parte de uma lista de sete destinos no interior e litoral j\u00e1 anunciados por companhias a\u00e9reas para receber voos a partir do programa que reduziu o ICMS. Ara\u00e7atuba, S\u00e3o Carlos, Votuporanga, Araraquara e Santos\/Guaruj\u00e1 s\u00e3o os outros munic\u00edpios.<\/p>\n\n\n\n<p>&#8220;Essas redu\u00e7\u00f5es sempre est\u00e3o atreladas ao maior n\u00famero de rotas e movimento como forma de compensar a redu\u00e7\u00e3o de tributos&#8221;, disse o ministro Tarc\u00edsio Freitas.<\/p>\n\n\n\n<p>Ele lembrou que o governo federal j\u00e1 eliminou a obriga\u00e7\u00e3o de capital estrangeiro em companhias a\u00e9reas com opera\u00e7\u00f5es no Brasil, o que culminou com a chegada de empresas como a argentina Flybondi, a chilena Sky Airline e a norueguesa Norwegian Air.<\/p>\n\n\n\n<p>Por enquanto, essas companhias v\u00eam operando apenas com voos internacionais, mas o ministro afirmou esperar que &#8220;este \u00e9 um primeiro passo para o ingresso no mercado dom\u00e9stico&#8221;. &#8220;[Estamos] aumentando a concorr\u00eancia, o que vai ter um reflexo na tarifa&#8221;.<\/p>\n\n\n\n<p>Ele confirmou ainda que o governo realizar\u00e1 em 2020 o leil\u00e3o de privatiza\u00e7\u00e3o de 22 aeroportos, divididos em tr\u00eas blocos: Norte, que tem como \u00e2ncora o aeroporto de Manaus; Central, com o aeroporto de Goi\u00e2nia com \u00e2ncora; e Sul, que inclui aeroportos como Navegantes (SC) e Foz do Igua\u00e7u (PR).<\/p>\n\n\n\n<p>Para o fim de 2021 e in\u00edcio de 2022, outros 19 devem ir a leil\u00e3o, tamb\u00e9m em tr\u00eas blocos, incluindo os mais rent\u00e1veis da Infraero, Congonhas, em S\u00e3o Paulo, e Santos Dumont, no Rio.&nbsp;<\/p>\n\n\n\n<p>&#8220;O mercado de avia\u00e7\u00e3o vai crescer bastante. A gente tem o sexto maior mercado de avia\u00e7\u00e3o do mundo e tem tudo para ter o terceiro, em fun\u00e7\u00e3o da nossa extens\u00e3o territorial&#8221;, concluiu.<br><\/p>\n","protected":false},"excerpt":{"rendered":"<p>&nbsp;O ministro da Infraestrutura, Tarc\u00edsio de Freitas, afirmou nesta ter\u00e7a-feira (12) que o governo federal vem estimulando estados a reduzir a al\u00edquota de ICMS (Imposto&hellip; <\/p>\n","protected":false},"author":1,"featured_media":134784,"comment_status":"closed","ping_status":"closed","sticky":false,"template":"","format":"standard","meta":{"sfsi_plus_gutenberg_text_before_share":"","sfsi_plus_gutenberg_show_text_before_share":"","sfsi_plus_gutenberg_icon_type":"","sfsi_plus_gutenberg_icon_alignemt":"","sfsi_plus_gutenburg_max_per_row":"","footnotes":""},"categories":[11],"tags":[],"class_list":["post-134782","post","type-post","status-publish","format-standard","has-post-thumbnail","hentry","category-politica"],"_links":{"self":[{"href":"https:\/\/www.caririemacao.com\/1\/wp-json\/wp\/v2\/posts\/134782","targetHints":{"allow":["GET"]}}],"collection":[{"href":"https:\/\/www.caririemacao.com\/1\/wp-json\/wp\/v2\/posts"}],"about":[{"href":"https:\/\/www.caririemacao.com\/1\/wp-json\/wp\/v2\/types\/post"}],"author":[{"embeddable":true,"href":"https:\/\/www.caririemacao.com\/1\/wp-json\/wp\/v2\/users\/1"}],"replies":[{"embeddable":true,"href":"https:\/\/www.caririemacao.com\/1\/wp-json\/wp\/v2\/comments?post=134782"}],"version-history":[{"count":1,"href":"https:\/\/www.caririemacao.com\/1\/wp-json\/wp\/v2\/posts\/134782\/revisions"}],"predecessor-version":[{"id":134785,"href":"https:\/\/www.caririemacao.com\/1\/wp-json\/wp\/v2\/posts\/134782\/revisions\/134785"}],"wp:featuredmedia":[{"embeddable":true,"href":"https:\/\/www.caririemacao.com\/1\/wp-json\/wp\/v2\/media\/134784"}],"wp:attachment":[{"href":"https:\/\/www.caririemacao.com\/1\/wp-json\/wp\/v2\/media?parent=134782"}],"wp:term":[{"taxonomy":"category","embeddable":true,"href":"https:\/\/www.caririemacao.com\/1\/wp-json\/wp\/v2\/categories?post=134782"},{"taxonomy":"post_tag","embeddable":true,"href":"https:\/\/www.caririemacao.com\/1\/wp-json\/wp\/v2\/tags?post=134782"}],"curies":[{"name":"wp","href":"https:\/\/api.w.org\/{rel}","templated":true}]}}