{"id":134794,"date":"2019-11-13T08:45:22","date_gmt":"2019-11-13T11:45:22","guid":{"rendered":"http:\/\/www.caririemacao.com\/1\/?p=134794"},"modified":"2019-11-13T08:45:22","modified_gmt":"2019-11-13T11:45:22","slug":"bolsonaro-anuncia-saida-do-psl-e-confirma-partido-alianca-pelo-brasil","status":"publish","type":"post","link":"https:\/\/www.caririemacao.com\/1\/2019\/11\/13\/bolsonaro-anuncia-saida-do-psl-e-confirma-partido-alianca-pelo-brasil\/","title":{"rendered":"Bolsonaro anuncia sa\u00edda do PSL e confirma partido &#8220;Alian\u00e7a pelo Brasil&#8221;"},"content":{"rendered":"\n<p>O presidente Jair Bolsonaro anunciou nesta ter\u00e7a-feira (12) a sa\u00edda do PSL. Ele confirmou a cria\u00e7\u00e3o de um partido chamado &#8216;Alian\u00e7a pelo Brasil&#8217;.<\/p>\n\n\n\n<p>A decis\u00e3o ocorreu em reuni\u00e3o com parlamentares no Pal\u00e1cio do Planalto, na tarde desta ter\u00e7a-feira.<\/p>\n\n\n\n<p>De acordo com&nbsp;<a href=\"https:\/\/oglobo.globo.com\/brasil\/bolsonaro-anuncia-deputados-que-vai-deixar-psl-criar-novo-partido-1-24077061\">O Globo<\/a>, as informa\u00e7\u00f5es foram passadas pelos deputados Daniel Silveira (PSL-RJ) e Bia Kicis (PSL-DF), que participaram da reuni\u00e3o com Bolsonaro nesta tarde.&nbsp;<\/p>\n\n\n\n<p>Segundo Bia Kicis, o senador Fl\u00e1vio Bolsonaro (PSL-RJ) j\u00e1 entregou inclusive o pedido de desfilia\u00e7\u00e3o ao Tribunal Superior Eleitoral.<\/p>\n\n\n\n<p>A expectativa \u00e9 que em torno de 30 parlamentares acompanhem o presidente. A primeira reuni\u00e3o da futura legenda vai acontecer no pr\u00f3ximo dia 21.<\/p>\n","protected":false},"excerpt":{"rendered":"<p>O presidente Jair Bolsonaro anunciou nesta ter\u00e7a-feira (12) a sa\u00edda do PSL. Ele confirmou a cria\u00e7\u00e3o de um partido chamado &#8216;Alian\u00e7a pelo Brasil&#8217;. A decis\u00e3o&hellip; <\/p>\n","protected":false},"author":1,"featured_media":132568,"comment_status":"closed","ping_status":"closed","sticky":false,"template":"","format":"standard","meta":{"sfsi_plus_gutenberg_text_before_share":"","sfsi_plus_gutenberg_show_text_before_share":"","sfsi_plus_gutenberg_icon_type":"","sfsi_plus_gutenberg_icon_alignemt":"","sfsi_plus_gutenburg_max_per_row":"","footnotes":""},"categories":[11],"tags":[],"class_list":["post-134794","post","type-post","status-publish","format-standard","has-post-thumbnail","hentry","category-politica"],"_links":{"self":[{"href":"https:\/\/www.caririemacao.com\/1\/wp-json\/wp\/v2\/posts\/134794","targetHints":{"allow":["GET"]}}],"collection":[{"href":"https:\/\/www.caririemacao.com\/1\/wp-json\/wp\/v2\/posts"}],"about":[{"href":"https:\/\/www.caririemacao.com\/1\/wp-json\/wp\/v2\/types\/post"}],"author":[{"embeddable":true,"href":"https:\/\/www.caririemacao.com\/1\/wp-json\/wp\/v2\/users\/1"}],"replies":[{"embeddable":true,"href":"https:\/\/www.caririemacao.com\/1\/wp-json\/wp\/v2\/comments?post=134794"}],"version-history":[{"count":1,"href":"https:\/\/www.caririemacao.com\/1\/wp-json\/wp\/v2\/posts\/134794\/revisions"}],"predecessor-version":[{"id":134796,"href":"https:\/\/www.caririemacao.com\/1\/wp-json\/wp\/v2\/posts\/134794\/revisions\/134796"}],"wp:featuredmedia":[{"embeddable":true,"href":"https:\/\/www.caririemacao.com\/1\/wp-json\/wp\/v2\/media\/132568"}],"wp:attachment":[{"href":"https:\/\/www.caririemacao.com\/1\/wp-json\/wp\/v2\/media?parent=134794"}],"wp:term":[{"taxonomy":"category","embeddable":true,"href":"https:\/\/www.caririemacao.com\/1\/wp-json\/wp\/v2\/categories?post=134794"},{"taxonomy":"post_tag","embeddable":true,"href":"https:\/\/www.caririemacao.com\/1\/wp-json\/wp\/v2\/tags?post=134794"}],"curies":[{"name":"wp","href":"https:\/\/api.w.org\/{rel}","templated":true}]}}