{"id":134801,"date":"2019-11-13T08:48:13","date_gmt":"2019-11-13T11:48:13","guid":{"rendered":"http:\/\/www.caririemacao.com\/1\/?p=134801"},"modified":"2019-11-13T08:48:13","modified_gmt":"2019-11-13T11:48:13","slug":"inep-divulga-hoje-gabaritos-oficiais-do-enem","status":"publish","type":"post","link":"https:\/\/www.caririemacao.com\/1\/2019\/11\/13\/inep-divulga-hoje-gabaritos-oficiais-do-enem\/","title":{"rendered":"Inep divulga hoje gabaritos oficiais do Enem"},"content":{"rendered":"\n<p>O Instituto Nacional de Estudos e Pesquisas Educacionais (Inep) divulga hoje (13) os gabaritos oficiais do Exame Nacional do Ensino M\u00e9dio (Enem). Tamb\u00e9m ser\u00e3o divulgados os Cadernos de Quest\u00f5es, em todas as suas vers\u00f5es.&nbsp;&nbsp;<\/p>\n\n\n\n<p>No total, ser\u00e3o seis gabaritos para cada dia de aplica\u00e7\u00e3o e seis Cadernos de Quest\u00f5es, de acordo com as cores da prova e op\u00e7\u00f5es acess\u00edveis. Os participantes podem acessar os gabaritos pelo&nbsp;<a href=\"http:\/\/www.inep.gov.br\/\" target=\"_blank\" rel=\"noreferrer noopener\">portal do Inep<\/a>, na&nbsp;<a href=\"https:\/\/enem.inep.gov.br\/\" target=\"_blank\" rel=\"noreferrer noopener\">p\u00e1gina do Enem<\/a>&nbsp;ou pelo aplicativo do Enem.&nbsp;<\/p>\n\n\n\n<p>Os participantes dever\u00e3o ficar atentos para conferir o gabarito relativo \u00e0 cor de prova que fez em cada domingo de aplica\u00e7\u00e3o.<\/p>\n\n\n\n<p>Mesmo com o gabarito em m\u00e3os, os participantes ainda n\u00e3o poder\u00e3o saber qual nota tiraram no exame, isso porque o Enem \u00e9 corrigido pela chamada&nbsp;<a href=\"http:\/\/agenciabrasil.ebc.com.br\/educacao\/noticia\/2019-11\/enem-2019-importante-saber-como-funciona-o-sistema-de-correcao\" target=\"_blank\" rel=\"noreferrer noopener\">Teoria de Resposta ao Item<\/a>&nbsp;(TRI).&nbsp;<\/p>\n\n\n\n<p>Pela TRI, n\u00e3o h\u00e1 um valor fixo para cada quest\u00e3o. A pontua\u00e7\u00e3o varia conforme o percentual de acertos e erros naquele item entre os participantes e tamb\u00e9m de acordo com o desempenho de cada estudante na prova.<\/p>\n\n\n\n<p>O Enem 2019 foi aplicado nos dias 3 e 10 de novembro. Cerca de&nbsp;<a href=\"http:\/\/agenciabrasil.ebc.com.br\/educacao\/noticia\/2019-11\/enem-termina-com-2719-de-ausentes-menor-taxa-desde-2009\" target=\"_blank\" rel=\"noreferrer noopener\">3,9 milh\u00f5es de estudantes<\/a>&nbsp;de todo o pa\u00eds compareceram ao menos em um dia de prova.<\/p>\n\n\n\n<p>Os resultados individuais do Enem 2019 ser\u00e3o divulgados na&nbsp;<a href=\"http:\/\/https\/\/enem.inep.gov.br\/participante\/#!\/\" target=\"_blank\" rel=\"noreferrer noopener\">P\u00e1gina do Participante<\/a>&nbsp;e no aplicativo do Enem, em janeiro de 2020, a partir de consulta com CPF e senha.<\/p>\n\n\n\n<p>O resultado dos participantes eliminados, segundo o Inep, n\u00e3o ser\u00e1 divulgado, mesmo que eles tenham feito o Enem nos dois dias de aplica\u00e7\u00e3o. Para os treineiros, que fazem o exame para autoavalia\u00e7\u00e3o de conhecimentos, a consulta s\u00f3 ser\u00e1 liberada em mar\u00e7o do ano que vem.<\/p>\n","protected":false},"excerpt":{"rendered":"<p>O Instituto Nacional de Estudos e Pesquisas Educacionais (Inep) divulga hoje (13) os gabaritos oficiais do Exame Nacional do Ensino M\u00e9dio (Enem). Tamb\u00e9m ser\u00e3o divulgados&hellip; <\/p>\n","protected":false},"author":1,"featured_media":131792,"comment_status":"closed","ping_status":"closed","sticky":false,"template":"","format":"standard","meta":{"sfsi_plus_gutenberg_text_before_share":"","sfsi_plus_gutenberg_show_text_before_share":"","sfsi_plus_gutenberg_icon_type":"","sfsi_plus_gutenberg_icon_alignemt":"","sfsi_plus_gutenburg_max_per_row":"","footnotes":""},"categories":[2],"tags":[],"class_list":["post-134801","post","type-post","status-publish","format-standard","has-post-thumbnail","hentry","category-geral"],"_links":{"self":[{"href":"https:\/\/www.caririemacao.com\/1\/wp-json\/wp\/v2\/posts\/134801","targetHints":{"allow":["GET"]}}],"collection":[{"href":"https:\/\/www.caririemacao.com\/1\/wp-json\/wp\/v2\/posts"}],"about":[{"href":"https:\/\/www.caririemacao.com\/1\/wp-json\/wp\/v2\/types\/post"}],"author":[{"embeddable":true,"href":"https:\/\/www.caririemacao.com\/1\/wp-json\/wp\/v2\/users\/1"}],"replies":[{"embeddable":true,"href":"https:\/\/www.caririemacao.com\/1\/wp-json\/wp\/v2\/comments?post=134801"}],"version-history":[{"count":1,"href":"https:\/\/www.caririemacao.com\/1\/wp-json\/wp\/v2\/posts\/134801\/revisions"}],"predecessor-version":[{"id":134802,"href":"https:\/\/www.caririemacao.com\/1\/wp-json\/wp\/v2\/posts\/134801\/revisions\/134802"}],"wp:featuredmedia":[{"embeddable":true,"href":"https:\/\/www.caririemacao.com\/1\/wp-json\/wp\/v2\/media\/131792"}],"wp:attachment":[{"href":"https:\/\/www.caririemacao.com\/1\/wp-json\/wp\/v2\/media?parent=134801"}],"wp:term":[{"taxonomy":"category","embeddable":true,"href":"https:\/\/www.caririemacao.com\/1\/wp-json\/wp\/v2\/categories?post=134801"},{"taxonomy":"post_tag","embeddable":true,"href":"https:\/\/www.caririemacao.com\/1\/wp-json\/wp\/v2\/tags?post=134801"}],"curies":[{"name":"wp","href":"https:\/\/api.w.org\/{rel}","templated":true}]}}