{"id":134811,"date":"2019-11-13T08:50:06","date_gmt":"2019-11-13T11:50:06","guid":{"rendered":"http:\/\/www.caririemacao.com\/1\/?p=134811"},"modified":"2019-11-13T08:50:06","modified_gmt":"2019-11-13T11:50:06","slug":"brasil-reconhece-nova-presidente-da-bolivia","status":"publish","type":"post","link":"https:\/\/www.caririemacao.com\/1\/2019\/11\/13\/brasil-reconhece-nova-presidente-da-bolivia\/","title":{"rendered":"Brasil reconhece nova presidente da Bol\u00edvia"},"content":{"rendered":"\n<p>O governo brasileiro reconheceu a senadora Jeanine \u00c1\u00f1ez como nova presidente da Bol\u00edvia. Em publica\u00e7\u00e3o no Twitter, o Minist\u00e9rio das Rela\u00e7\u00f5es Exteriores saudou a determina\u00e7\u00e3o de Jeanine em trabalhar pela realiza\u00e7\u00e3o de novas elei\u00e7\u00f5es e diz que quer aprofundar a \u201cfraterna amizade\u201d entre Brasil e Bol\u00edvia.<\/p>\n\n\n\n<p>\u201cO governo brasileiro congratula a senadora Jeanine \u00c1\u00f1ez por assumir constitucionalmente a Presid\u00eancia da Bol\u00edvia e sa\u00fada sua determina\u00e7\u00e3o de trabalhar pela pacifica\u00e7\u00e3o do pa\u00eds e pela pronta realiza\u00e7\u00e3o de elei\u00e7\u00f5es gerais. O Brasil deseja aprofundar a fraterna amizade com a Bol\u00edvia\u201d, diz a publica\u00e7\u00e3o.<\/p>\n\n\n\n<p>A senadora do partido oposicionista Unidad Dem\u00f3crata declarou-se presidente da Bol\u00edvia nesta ter\u00e7a-feira (12). &#8220;Assumo imediatamente a Presid\u00eancia&#8221;, disse Jeanine, embora a bancada do MAS, partido liderado pelo ex-presidente Evo Morales, n\u00e3o estivesse presente no Congresso. Morales chegou&nbsp;ontem&nbsp;ao M\u00e9xico, pa\u00eds que lhe concedeu asilo pol\u00edtico ap\u00f3s a ren\u00fancia \u00e0 Presid\u00eancia da Rep\u00fablica.<\/p>\n\n\n\n<p>Jeanine \u00c1\u00f1ez anunciou que decidiu &#8220;assumir imediatamente&#8221; a presid\u00eancia da Bol\u00edvia, em seu novo status de l\u00edder do Senado, depois de considerar que no pa\u00eds havia uma situa\u00e7\u00e3o de vac\u00e2ncia, devido \u00e0 ren\u00fancia do ex-chefe de Estado, Evo Morales, e do vice-presidente \u00c1lvaro Garc\u00eda Linera.<\/p>\n\n\n\n<p>Tamb\u00e9m renunciaram aos cargos os presidentes do Senado e da C\u00e2mara e o primeiro vice-presidente do Senado. Como&nbsp;segunda&nbsp;vice-presidente da Casa, Jeanine \u00c1\u00f1ez entendeu que cabia a ela assumir o posto deixado vago por Morales.<\/p>\n","protected":false},"excerpt":{"rendered":"<p>O governo brasileiro reconheceu a senadora Jeanine \u00c1\u00f1ez como nova presidente da Bol\u00edvia. Em publica\u00e7\u00e3o no Twitter, o Minist\u00e9rio das Rela\u00e7\u00f5es Exteriores saudou a determina\u00e7\u00e3o&hellip; <\/p>\n","protected":false},"author":1,"featured_media":134813,"comment_status":"closed","ping_status":"closed","sticky":false,"template":"","format":"standard","meta":{"sfsi_plus_gutenberg_text_before_share":"","sfsi_plus_gutenberg_show_text_before_share":"","sfsi_plus_gutenberg_icon_type":"","sfsi_plus_gutenberg_icon_alignemt":"","sfsi_plus_gutenburg_max_per_row":"","footnotes":""},"categories":[2],"tags":[],"class_list":["post-134811","post","type-post","status-publish","format-standard","has-post-thumbnail","hentry","category-geral"],"_links":{"self":[{"href":"https:\/\/www.caririemacao.com\/1\/wp-json\/wp\/v2\/posts\/134811","targetHints":{"allow":["GET"]}}],"collection":[{"href":"https:\/\/www.caririemacao.com\/1\/wp-json\/wp\/v2\/posts"}],"about":[{"href":"https:\/\/www.caririemacao.com\/1\/wp-json\/wp\/v2\/types\/post"}],"author":[{"embeddable":true,"href":"https:\/\/www.caririemacao.com\/1\/wp-json\/wp\/v2\/users\/1"}],"replies":[{"embeddable":true,"href":"https:\/\/www.caririemacao.com\/1\/wp-json\/wp\/v2\/comments?post=134811"}],"version-history":[{"count":1,"href":"https:\/\/www.caririemacao.com\/1\/wp-json\/wp\/v2\/posts\/134811\/revisions"}],"predecessor-version":[{"id":134814,"href":"https:\/\/www.caririemacao.com\/1\/wp-json\/wp\/v2\/posts\/134811\/revisions\/134814"}],"wp:featuredmedia":[{"embeddable":true,"href":"https:\/\/www.caririemacao.com\/1\/wp-json\/wp\/v2\/media\/134813"}],"wp:attachment":[{"href":"https:\/\/www.caririemacao.com\/1\/wp-json\/wp\/v2\/media?parent=134811"}],"wp:term":[{"taxonomy":"category","embeddable":true,"href":"https:\/\/www.caririemacao.com\/1\/wp-json\/wp\/v2\/categories?post=134811"},{"taxonomy":"post_tag","embeddable":true,"href":"https:\/\/www.caririemacao.com\/1\/wp-json\/wp\/v2\/tags?post=134811"}],"curies":[{"name":"wp","href":"https:\/\/api.w.org\/{rel}","templated":true}]}}