{"id":134827,"date":"2019-11-13T08:54:32","date_gmt":"2019-11-13T11:54:32","guid":{"rendered":"http:\/\/www.caririemacao.com\/1\/?p=134827"},"modified":"2019-11-13T08:54:32","modified_gmt":"2019-11-13T11:54:32","slug":"jair-bolsonaro-veta-deputado-paraibano-em-seu-novo-partido","status":"publish","type":"post","link":"https:\/\/www.caririemacao.com\/1\/2019\/11\/13\/jair-bolsonaro-veta-deputado-paraibano-em-seu-novo-partido\/","title":{"rendered":"Jair Bolsonaro veta deputado paraibano em seu novo partido"},"content":{"rendered":"\n<p>O presidente Jair Bolsonaro anunciou nesta ter\u00e7a-feira a sa\u00edda do PSL de Luciano Bivar e a cria\u00e7\u00e3o do seu novo partido, o Alian\u00e7a Pelo Brasil.<\/p>\n\n\n\n<p>De acordo com o site da revista Veja, Bolsonaro \u201cbateu o martelo sobre os integrantes do PSL que seriam banidos da reuni\u00e3o de funda\u00e7\u00e3o de seu novo partido.<\/p>\n\n\n\n<p>S\u00e3o os seguintes: Joice Hasselmann (SP), Delegado Waldir (GO), Heitor Freire (CE), Julian Lemos (PB), J\u00fanior Bozzella (SP), Professora Dayane Pimentel (BA), Nereu Crispin (RS), Lourival Gomes (RJ), Coronel Tadeu (SP), Fel\u00edcio Later\u00e7a (RJ), Sargento Gurgel (RJ), al\u00e9m do pr\u00f3prio Bivar.<\/p>\n","protected":false},"excerpt":{"rendered":"<p>O presidente Jair Bolsonaro anunciou nesta ter\u00e7a-feira a sa\u00edda do PSL de Luciano Bivar e a cria\u00e7\u00e3o do seu novo partido, o Alian\u00e7a Pelo Brasil.&hellip; <\/p>\n","protected":false},"author":1,"featured_media":134828,"comment_status":"closed","ping_status":"closed","sticky":false,"template":"","format":"standard","meta":{"sfsi_plus_gutenberg_text_before_share":"","sfsi_plus_gutenberg_show_text_before_share":"","sfsi_plus_gutenberg_icon_type":"","sfsi_plus_gutenberg_icon_alignemt":"","sfsi_plus_gutenburg_max_per_row":"","footnotes":""},"categories":[11],"tags":[],"class_list":["post-134827","post","type-post","status-publish","format-standard","has-post-thumbnail","hentry","category-politica"],"_links":{"self":[{"href":"https:\/\/www.caririemacao.com\/1\/wp-json\/wp\/v2\/posts\/134827","targetHints":{"allow":["GET"]}}],"collection":[{"href":"https:\/\/www.caririemacao.com\/1\/wp-json\/wp\/v2\/posts"}],"about":[{"href":"https:\/\/www.caririemacao.com\/1\/wp-json\/wp\/v2\/types\/post"}],"author":[{"embeddable":true,"href":"https:\/\/www.caririemacao.com\/1\/wp-json\/wp\/v2\/users\/1"}],"replies":[{"embeddable":true,"href":"https:\/\/www.caririemacao.com\/1\/wp-json\/wp\/v2\/comments?post=134827"}],"version-history":[{"count":1,"href":"https:\/\/www.caririemacao.com\/1\/wp-json\/wp\/v2\/posts\/134827\/revisions"}],"predecessor-version":[{"id":134829,"href":"https:\/\/www.caririemacao.com\/1\/wp-json\/wp\/v2\/posts\/134827\/revisions\/134829"}],"wp:featuredmedia":[{"embeddable":true,"href":"https:\/\/www.caririemacao.com\/1\/wp-json\/wp\/v2\/media\/134828"}],"wp:attachment":[{"href":"https:\/\/www.caririemacao.com\/1\/wp-json\/wp\/v2\/media?parent=134827"}],"wp:term":[{"taxonomy":"category","embeddable":true,"href":"https:\/\/www.caririemacao.com\/1\/wp-json\/wp\/v2\/categories?post=134827"},{"taxonomy":"post_tag","embeddable":true,"href":"https:\/\/www.caririemacao.com\/1\/wp-json\/wp\/v2\/tags?post=134827"}],"curies":[{"name":"wp","href":"https:\/\/api.w.org\/{rel}","templated":true}]}}