{"id":134842,"date":"2019-11-13T08:58:31","date_gmt":"2019-11-13T11:58:31","guid":{"rendered":"http:\/\/www.caririemacao.com\/1\/?p=134842"},"modified":"2019-11-13T08:58:31","modified_gmt":"2019-11-13T11:58:31","slug":"senado-aprova-projeto-que-amplia-valor-de-saque-do-fgts","status":"publish","type":"post","link":"https:\/\/www.caririemacao.com\/1\/2019\/11\/13\/senado-aprova-projeto-que-amplia-valor-de-saque-do-fgts\/","title":{"rendered":"Senado aprova projeto que amplia valor de saque do FGTS"},"content":{"rendered":"\n<p>&nbsp;O plen\u00e1rio do Senado aprovou nesta quarta-feira (12), simbolicamente, a medida provis\u00f3ria com regras para o saque do FGTS (Fundo de Garantia do Tempo de Servi\u00e7o) e que aumentou de R$ 500 para R$ 998 o valor que pode ser retirado de contas do Fundo.<\/p>\n\n\n\n<p>O texto j\u00e1 passou pela C\u00e2mara e agora vai para san\u00e7\u00e3o do presidente Jair Bolsonaro (PSL).<\/p>\n\n\n\n<p>O relat\u00f3rio aprovado nas duas Casas \u00e9 o mesmo que saiu da comiss\u00e3o mista de deputados e senadores.<\/p>\n\n\n\n<p>O texto do deputado Hugo Motta (Republicanos-PB) estabelece que s\u00f3 poder\u00e1 realizar esse saque total o trabalhador que tinha um saldo de at\u00e9 um sal\u00e1rio m\u00ednimo (R$ 998) em 24 de julho deste ano, quando a MP entrou em vigor.<\/p>\n\n\n\n<p>Caso a lei seja sancionada por Bolsonaro, quem j\u00e1 retirou o dinheiro poder\u00e1 sacar o restante.<\/p>\n\n\n\n<p>Para quem tinha mais de um sal\u00e1rio m\u00ednimo na conta do FGTS o saque continua limitado a R$ 500.<\/p>\n\n\n\n<p>O relator incluiu em seu parecer prazo de 180 dias a partir da san\u00e7\u00e3o presidencial para a retirada de valores residuais de R$ 80.<\/p>\n\n\n\n<p>O texto aprovado no colegiado permite saque da conta do FGTS caso o trabalhador ou qualquer de seus dependentes tenham doen\u00e7as raras.<br>O texto tamb\u00e9m acaba com a multa adicional de 10% sobre os dep\u00f3sitos no caso das demiss\u00f5es sem justa causa.<\/p>\n\n\n\n<p>O trabalhador pode fazer o saque do dinheiro em lot\u00e9ricas e caixas eletr\u00f4nicos.<\/p>\n\n\n\n<p>Se o saldo para saque for de at\u00e9 R$ 100, no caso das lot\u00e9ricas, ele precisa apenas de CPF e documento de identifica\u00e7\u00e3o com foto. Em caso de valores maiores, \u00e9 preciso levar o Cart\u00e3o Cidad\u00e3o com senha.<\/p>\n\n\n\n<p>Tamb\u00e9m \u00e9 poss\u00edvel fazer o saque nos caixas eletr\u00f4nicos e em correspondentes Caixa Aqui, com CPF e Cart\u00e3o do Cidad\u00e3o com senha.<\/p>\n\n\n\n<p>Com o saque dos R$ 500, o governo estimava que R$ 40 bilh\u00f5es seriam injetados na economia. Mas, em vez de usar o dinheiro no consumo, grande parte dos trabalhadores com direito ao saque deve usar esse dinheiro para pagar d\u00edvidas.<\/p>\n\n\n\n<p>Pesquisa da XP Investimentos em parceria com o Ipespe (Instituto de Pesquisas Sociais, Pol\u00edticas e Econ\u00f4micas) mostra que 4 em cada 10 consumidores deve usar o dinheiro para esse fim. A pesquisa ouviu mil entrevistados.<\/p>\n\n\n\n<p>Segundo especialistas, quem pretende usar esse dinheiro para pagar d\u00edvidas deve negociar o total devido com o credor.<\/p>\n\n\n\n<p>Apenas em caso de d\u00edvidas quitadas e investimento de reserva garantido \u00e9 que o trabalhador deve usar o saque para consumo, apontam os especialistas.<\/p>\n","protected":false},"excerpt":{"rendered":"<p>&nbsp;O plen\u00e1rio do Senado aprovou nesta quarta-feira (12), simbolicamente, a medida provis\u00f3ria com regras para o saque do FGTS (Fundo de Garantia do Tempo de&hellip; <\/p>\n","protected":false},"author":1,"featured_media":123044,"comment_status":"closed","ping_status":"closed","sticky":false,"template":"","format":"standard","meta":{"sfsi_plus_gutenberg_text_before_share":"","sfsi_plus_gutenberg_show_text_before_share":"","sfsi_plus_gutenberg_icon_type":"","sfsi_plus_gutenberg_icon_alignemt":"","sfsi_plus_gutenburg_max_per_row":"","footnotes":""},"categories":[2],"tags":[],"class_list":["post-134842","post","type-post","status-publish","format-standard","has-post-thumbnail","hentry","category-geral"],"_links":{"self":[{"href":"https:\/\/www.caririemacao.com\/1\/wp-json\/wp\/v2\/posts\/134842","targetHints":{"allow":["GET"]}}],"collection":[{"href":"https:\/\/www.caririemacao.com\/1\/wp-json\/wp\/v2\/posts"}],"about":[{"href":"https:\/\/www.caririemacao.com\/1\/wp-json\/wp\/v2\/types\/post"}],"author":[{"embeddable":true,"href":"https:\/\/www.caririemacao.com\/1\/wp-json\/wp\/v2\/users\/1"}],"replies":[{"embeddable":true,"href":"https:\/\/www.caririemacao.com\/1\/wp-json\/wp\/v2\/comments?post=134842"}],"version-history":[{"count":1,"href":"https:\/\/www.caririemacao.com\/1\/wp-json\/wp\/v2\/posts\/134842\/revisions"}],"predecessor-version":[{"id":134844,"href":"https:\/\/www.caririemacao.com\/1\/wp-json\/wp\/v2\/posts\/134842\/revisions\/134844"}],"wp:featuredmedia":[{"embeddable":true,"href":"https:\/\/www.caririemacao.com\/1\/wp-json\/wp\/v2\/media\/123044"}],"wp:attachment":[{"href":"https:\/\/www.caririemacao.com\/1\/wp-json\/wp\/v2\/media?parent=134842"}],"wp:term":[{"taxonomy":"category","embeddable":true,"href":"https:\/\/www.caririemacao.com\/1\/wp-json\/wp\/v2\/categories?post=134842"},{"taxonomy":"post_tag","embeddable":true,"href":"https:\/\/www.caririemacao.com\/1\/wp-json\/wp\/v2\/tags?post=134842"}],"curies":[{"name":"wp","href":"https:\/\/api.w.org\/{rel}","templated":true}]}}