{"id":134868,"date":"2019-11-13T09:03:19","date_gmt":"2019-11-13T12:03:19","guid":{"rendered":"http:\/\/www.caririemacao.com\/1\/?p=134868"},"modified":"2019-11-13T09:03:19","modified_gmt":"2019-11-13T12:03:19","slug":"seca-monteiro-implanta-maior-programa-de-recuperacao-de-pocos-da-historia-do-municipio","status":"publish","type":"post","link":"https:\/\/www.caririemacao.com\/1\/2019\/11\/13\/seca-monteiro-implanta-maior-programa-de-recuperacao-de-pocos-da-historia-do-municipio\/","title":{"rendered":"SECA: Monteiro implanta maior programa de recupera\u00e7\u00e3o de po\u00e7os da hist\u00f3ria do munic\u00edpio"},"content":{"rendered":"\n<p>A prefeita de Monteiro, Anna Lorena, atendendo uma das principais reivindica\u00e7\u00f5es da popula\u00e7\u00e3o da zona rural e que foi considerada a\u00e7\u00e3o priorit\u00e1ria no enfrentamento \u00e0 estiagem, determinou a recupera\u00e7\u00e3o de todos os po\u00e7os p\u00fablicos existentes no munic\u00edpio.<br>O maior munic\u00edpio do estado em \u00e1rea territorial, possui 412 po\u00e7os, espalhados em quase 1 mil Km\u00b2 de extens\u00e3o, nas 55 associa\u00e7\u00f5es das comunidades rurais, que t\u00eam como \u00fanica fonte de recurso h\u00eddrico atrav\u00e9s de eletrobombas e cataventos para uso geral e carro pipa para consumo humano.<br>As a\u00e7\u00f5es fazem parte do programa \u201cMAIS \u00c1GUA NO CAMPO\u201d e visa suprir a necessidade de recursos h\u00eddricos de todas as resid\u00eancias da zona rural, bem como de todas as pequenas propriedades rurais com a oferta de servi\u00e7os de abastecimento de \u00e1gua de qualidade para consumo humano, \u00e1gua para uso comum, dessedenta\u00e7\u00e3o animal e irriga\u00e7\u00e3o de sistemas produtivos agroecol\u00f3gicos consorciados.<br>Segundo o secret\u00e1rio de agricultura, Alfredo Viana, somente no m\u00eas de outubro, foi realizado o conserto de eletrobombas nas comunidades Barreiros (Z\u00e9 de B\u00e9 &#8211; Gena), Serrote de Cima (Valdim), Alto da Bela Vista e na Pra\u00e7a de Alimenta\u00e7\u00e3o da zona urbana.&nbsp;<br>Na zona rural, foram realizados servi\u00e7os de manuten\u00e7\u00e3o em 40 po\u00e7os movidos a catavento, com a troca de adaptadores, registros, cabe\u00e7as, sola, anilhas, varetas de guia, cilindros, niples, joelhos, redu\u00e7\u00f5es e cord\u00f5es de gaxeta, nas comunidades de Amaro, Aroeiras, Barreiros, Bredos, Cacimbinha, Catol\u00e9, Curupaiti, Gameleira, Garapa, Gerimum, Lagoa grande, Marinheiro, Minador, Morcego, Pau D\u2019arco, Pitombeira, Queimadas, Riacho do meio, Rigideira, Tamandu\u00e1, Tanques, Tim\u00f3teo e Umburana.<\/p>\n","protected":false},"excerpt":{"rendered":"<p>A prefeita de Monteiro, Anna Lorena, atendendo uma das principais reivindica\u00e7\u00f5es da popula\u00e7\u00e3o da zona rural e que foi considerada a\u00e7\u00e3o priorit\u00e1ria no enfrentamento \u00e0&hellip; <\/p>\n","protected":false},"author":1,"featured_media":134870,"comment_status":"closed","ping_status":"closed","sticky":false,"template":"","format":"standard","meta":{"sfsi_plus_gutenberg_text_before_share":"","sfsi_plus_gutenberg_show_text_before_share":"","sfsi_plus_gutenberg_icon_type":"","sfsi_plus_gutenberg_icon_alignemt":"","sfsi_plus_gutenburg_max_per_row":"","footnotes":""},"categories":[2],"tags":[],"class_list":["post-134868","post","type-post","status-publish","format-standard","has-post-thumbnail","hentry","category-geral"],"_links":{"self":[{"href":"https:\/\/www.caririemacao.com\/1\/wp-json\/wp\/v2\/posts\/134868","targetHints":{"allow":["GET"]}}],"collection":[{"href":"https:\/\/www.caririemacao.com\/1\/wp-json\/wp\/v2\/posts"}],"about":[{"href":"https:\/\/www.caririemacao.com\/1\/wp-json\/wp\/v2\/types\/post"}],"author":[{"embeddable":true,"href":"https:\/\/www.caririemacao.com\/1\/wp-json\/wp\/v2\/users\/1"}],"replies":[{"embeddable":true,"href":"https:\/\/www.caririemacao.com\/1\/wp-json\/wp\/v2\/comments?post=134868"}],"version-history":[{"count":1,"href":"https:\/\/www.caririemacao.com\/1\/wp-json\/wp\/v2\/posts\/134868\/revisions"}],"predecessor-version":[{"id":134871,"href":"https:\/\/www.caririemacao.com\/1\/wp-json\/wp\/v2\/posts\/134868\/revisions\/134871"}],"wp:featuredmedia":[{"embeddable":true,"href":"https:\/\/www.caririemacao.com\/1\/wp-json\/wp\/v2\/media\/134870"}],"wp:attachment":[{"href":"https:\/\/www.caririemacao.com\/1\/wp-json\/wp\/v2\/media?parent=134868"}],"wp:term":[{"taxonomy":"category","embeddable":true,"href":"https:\/\/www.caririemacao.com\/1\/wp-json\/wp\/v2\/categories?post=134868"},{"taxonomy":"post_tag","embeddable":true,"href":"https:\/\/www.caririemacao.com\/1\/wp-json\/wp\/v2\/tags?post=134868"}],"curies":[{"name":"wp","href":"https:\/\/api.w.org\/{rel}","templated":true}]}}