{"id":134887,"date":"2019-11-13T09:10:33","date_gmt":"2019-11-13T12:10:33","guid":{"rendered":"http:\/\/www.caririemacao.com\/1\/?p=134887"},"modified":"2019-11-13T09:10:33","modified_gmt":"2019-11-13T12:10:33","slug":"prefeitura-de-sume-e-sebrae-ofertam-curso-de-melhorias-em-vendas-para-empreendores","status":"publish","type":"post","link":"https:\/\/www.caririemacao.com\/1\/2019\/11\/13\/prefeitura-de-sume-e-sebrae-ofertam-curso-de-melhorias-em-vendas-para-empreendores\/","title":{"rendered":"Prefeitura de Sum\u00e9 e Sebrae ofertam curso de melhorias em vendas para empreendores"},"content":{"rendered":"\n<p>A Prefeitura de Sum\u00e9, atrav\u00e9s da Sala do Empreendedor, e o Sebrae realizam de 18 a 22 de novembro, o curso: \u201cComo atender melhor seu cliente com foco em vendas\u201d.<br>S\u00e3o 40 vagas ofertadas para os empreendedores e microempreendedores individuais (MEI). As inscri\u00e7\u00f5es s\u00e3o gratuitas e devem ser feitas na Sala do Empreendedor nesta quarta-feira (13) e quinta-feira (14).<br>O curso ser\u00e1 ministrado no audit\u00f3rio da Secretaria de Educa\u00e7\u00e3o, das 19h \u00e0s 22h.<\/p>\n","protected":false},"excerpt":{"rendered":"<p>A Prefeitura de Sum\u00e9, atrav\u00e9s da Sala do Empreendedor, e o Sebrae realizam de 18 a 22 de novembro, o curso: \u201cComo atender melhor seu&hellip; <\/p>\n","protected":false},"author":1,"featured_media":134889,"comment_status":"closed","ping_status":"closed","sticky":false,"template":"","format":"standard","meta":{"sfsi_plus_gutenberg_text_before_share":"","sfsi_plus_gutenberg_show_text_before_share":"","sfsi_plus_gutenberg_icon_type":"","sfsi_plus_gutenberg_icon_alignemt":"","sfsi_plus_gutenburg_max_per_row":"","footnotes":""},"categories":[50,2],"tags":[],"class_list":["post-134887","post","type-post","status-publish","format-standard","has-post-thumbnail","hentry","category-destaque","category-geral"],"_links":{"self":[{"href":"https:\/\/www.caririemacao.com\/1\/wp-json\/wp\/v2\/posts\/134887","targetHints":{"allow":["GET"]}}],"collection":[{"href":"https:\/\/www.caririemacao.com\/1\/wp-json\/wp\/v2\/posts"}],"about":[{"href":"https:\/\/www.caririemacao.com\/1\/wp-json\/wp\/v2\/types\/post"}],"author":[{"embeddable":true,"href":"https:\/\/www.caririemacao.com\/1\/wp-json\/wp\/v2\/users\/1"}],"replies":[{"embeddable":true,"href":"https:\/\/www.caririemacao.com\/1\/wp-json\/wp\/v2\/comments?post=134887"}],"version-history":[{"count":1,"href":"https:\/\/www.caririemacao.com\/1\/wp-json\/wp\/v2\/posts\/134887\/revisions"}],"predecessor-version":[{"id":134890,"href":"https:\/\/www.caririemacao.com\/1\/wp-json\/wp\/v2\/posts\/134887\/revisions\/134890"}],"wp:featuredmedia":[{"embeddable":true,"href":"https:\/\/www.caririemacao.com\/1\/wp-json\/wp\/v2\/media\/134889"}],"wp:attachment":[{"href":"https:\/\/www.caririemacao.com\/1\/wp-json\/wp\/v2\/media?parent=134887"}],"wp:term":[{"taxonomy":"category","embeddable":true,"href":"https:\/\/www.caririemacao.com\/1\/wp-json\/wp\/v2\/categories?post=134887"},{"taxonomy":"post_tag","embeddable":true,"href":"https:\/\/www.caririemacao.com\/1\/wp-json\/wp\/v2\/tags?post=134887"}],"curies":[{"name":"wp","href":"https:\/\/api.w.org\/{rel}","templated":true}]}}